{"id":895,"date":"2023-03-07T10:15:00","date_gmt":"2023-03-07T10:15:00","guid":{"rendered":"https:\/\/backgroundnoise.es\/?p=895"},"modified":"2023-03-07T13:16:53","modified_gmt":"2023-03-07T13:16:53","slug":"nuevo-disco-y-firma-de-nu-en-abril","status":"publish","type":"post","link":"https:\/\/backgroundnoise.es\/index.php\/2023\/03\/07\/nuevo-disco-y-firma-de-nu-en-abril\/","title":{"rendered":"Nuevo disco y firma de \u00d1U en abril"},"content":{"rendered":"\n<p class=\"has-black-color has-text-color\">El pr\u00f3ximo 21 de abril se lanza el nuevo disco de \u00d1U \u00abYo Estoy Vivo\u00bb del que ya se estren\u00f3 el single en 2022 que lleva el mismo t\u00edtulo.<\/p>\n\n\n\n<p class=\"has-black-color has-text-color\">Con un concierto de presentaci\u00f3n a lo grande en el <a rel=\"noreferrer noopener\" href=\"https:\/\/l.facebook.com\/l.php?u=https%3A%2F%2Fwww.instagram.com%2F_u%2Fteatrobarcelo%3Ffbclid%3DIwAR3FnL3bmB0d4dJgYhjBZ3G4UYRRAVIawjMyaIXjeLGxkuDpOnQzSMTG54Y&amp;h=AT1ENA56oW3BZxWvJpcK5r6zQWaWQskM-9p41w7Gmp61eTIwF8YLVlAkIVzSe7__STioL76b9aYvJMKPLlINCsl_Me5n_Lvs5mUehF_gygZ9dRSntY3RxNtVjCIEFgH87A&amp;__tn__=-UK-R&amp;c[0]=AT0rvpZPJECKXXkTy-apHFdrz67l74q45qOkcrBzqgdQ8RKlfCapVx8ARghN4cRKMWyURE5A9ewGvk5acnvu1h3GA8Mtb3CaJ_eMQnNsO4BEj9k_qWM24l-14fWOrgUxZcQ97wMowjUm1s-bqZ0X8ifHL962b9WZd2B_zreKYaoiKl_3AEkKTVMUSeAoHPZxQnD1QJpI918h\" target=\"_blank\">Teatro Barcel\u00f3<\/a> de Madrid el 19 de mayo, Jos\u00e9 Carlos Molina y su banda har\u00e1n un concierto ac\u00fastico y una firma de discos en <a href=\"https:\/\/www.facebook.com\/Fnac\/?__cft__[0]=AZVVjOQQu-jWbkdC8jTXgdmsSIVNBgADQevT6aziTk0XXrz1ct-PvpuJ1uiHyPo4SdAedoawK0WONTjlHSTpj6T-c93ZUrvp3WXxmpFywTgrzkr8rs6nUFMzXMzkrcJt1ab0Dnsdb18CeuSCnqkeyfwq7HEX6mZY2rvoe8p8ujXWTaExnhUba6HasabXeF55FJ0&amp;__tn__=kK-R\">Fnac<\/a> Callao el viernes 28 de abril a las 18h. <\/p>\n\n\n\n<p class=\"has-black-color has-text-color\">No te lo pierdas!!!<\/p>\n","protected":false},"excerpt":{"rendered":"<p>El pr\u00f3ximo 21 de abril se lanza el nuevo disco de \u00d1U \u00abYo Estoy Vivo\u00bb del que ya se estren\u00f3 el single en 2022 que lleva el mismo t\u00edtulo. Con un concierto de presentaci\u00f3n a lo grande en el Teatro Barcel\u00f3 de Madrid el 19 de mayo, Jos\u00e9 Carlos Molina y su banda har\u00e1n un [&hellip;]<\/p>\n","protected":false},"author":1,"featured_media":896,"comment_status":"open","ping_status":"open","sticky":false,"template":"","format":"standard","meta":[],"categories":[6,5,3],"tags":[],"_links":{"self":[{"href":"https:\/\/backgroundnoise.es\/index.php\/wp-json\/wp\/v2\/posts\/895"}],"collection":[{"href":"https:\/\/backgroundnoise.es\/index.php\/wp-json\/wp\/v2\/posts"}],"about":[{"href":"https:\/\/backgroundnoise.es\/index.php\/wp-json\/wp\/v2\/types\/post"}],"author":[{"embeddable":true,"href":"https:\/\/backgroundnoise.es\/index.php\/wp-json\/wp\/v2\/users\/1"}],"replies":[{"embeddable":true,"href":"https:\/\/backgroundnoise.es\/index.php\/wp-json\/wp\/v2\/comments?post=895"}],"version-history":[{"count":1,"href":"https:\/\/backgroundnoise.es\/index.php\/wp-json\/wp\/v2\/posts\/895\/revisions"}],"predecessor-version":[{"id":897,"href":"https:\/\/backgroundnoise.es\/index.php\/wp-json\/wp\/v2\/posts\/895\/revisions\/897"}],"wp:featuredmedia":[{"embeddable":true,"href":"https:\/\/backgroundnoise.es\/index.php\/wp-json\/wp\/v2\/media\/896"}],"wp:attachment":[{"href":"https:\/\/backgroundnoise.es\/index.php\/wp-json\/wp\/v2\/media?parent=895"}],"wp:term":[{"taxonomy":"category","embeddable":true,"href":"https:\/\/backgroundnoise.es\/index.php\/wp-json\/wp\/v2\/categories?post=895"},{"taxonomy":"post_tag","embeddable":true,"href":"https:\/\/backgroundnoise.es\/index.php\/wp-json\/wp\/v2\/tags?post=895"}],"curies":[{"name":"wp","href":"https:\/\/api.w.org\/{rel}","templated":true}]}}