{"id":892,"date":"2023-03-07T13:14:08","date_gmt":"2023-03-07T13:14:08","guid":{"rendered":"https:\/\/backgroundnoise.es\/?p=892"},"modified":"2023-03-08T11:10:49","modified_gmt":"2023-03-08T11:10:49","slug":"rock-fm-estrena-el-nuevo-video-clip-de-obus-a-pico-y-pala","status":"publish","type":"post","link":"https:\/\/backgroundnoise.es\/index.php\/2023\/03\/07\/rock-fm-estrena-el-nuevo-video-clip-de-obus-a-pico-y-pala\/","title":{"rendered":"ROCK FM estrena el nuevo video clip de OB\u00daS \u00abA Pico Y Pala\u00bb"},"content":{"rendered":"\n<p class=\"has-black-color has-text-color\">Ob\u00fas estrenan en la web de Rock Fm el video de \u201cA Pico y Pala\u201d donde demuestran que con tes\u00f3n, esfuerzo y las ganas que nunca han perdido, siguen siendo una de las bandas longevas en activo en una forma envidiable, con nuevas canciones y una producci\u00f3n impecable.<\/p>\n\n\n\n<p class=\"has-black-color has-text-color\">Llevan 40 a\u00f1os en la carretera sin parar de lanzar discos y nuevas canciones y est\u00e1n con m\u00e1s vitalidad que nunca.<\/p>\n\n\n\n<p class=\"has-black-color has-text-color\">Esta noche se estrenar\u00e1 el single en Rock Fm Motel a partir de las 22h, el programa presentando por Rodrigo Contreras.<\/p>\n\n\n\n<p><a rel=\"noreferrer noopener\" href=\"https:\/\/www.rockfm.fm\/al-dia\/estrenos\/noticias\/estreno-exclusiva-escucha-antes-que-nadie-pico-pala-nuevo-single-obus-20230307_2589036?fbclid=IwAR1MNz7OPz4MPL1JxASk9ZZCUSH5ymwELhTmOjo64_a0XYmj5c9hau9ZRmI\" target=\"_blank\">https:\/\/www.rockfm.fm\/&#8230;\/estreno-exclusiva-escucha-antes&#8230;<\/a><\/p>\n\n\n\n<p class=\"has-black-color has-text-color\">Siguen celebrando el 40 Aniversario con todas estas fechas <\/p>\n\n\n\n<p class=\"has-black-color has-text-color\">24 de marzo. MADRID- Teatro Barcel\u00f3<\/p>\n\n\n\n<p class=\"has-black-color has-text-color\">30 de abril. SAN LEONARDO DE YAGUE (SORIA)<\/p>\n\n\n\n<p class=\"has-black-color has-text-color\">26 de mayo. BARCELONA- Sala Razzmatazz 2<\/p>\n\n\n\n<p class=\"has-black-color has-text-color\">23 de junio. GETXO (VIZCAYA)<\/p>\n\n\n\n<p class=\"has-black-color has-text-color\">9 de junio. REDONDELA (PONTEVEDRA)<\/p>\n\n\n\n<p class=\"has-black-color has-text-color\">10 de junio. TORREDONJIMENO (JA\u00c9N)<\/p>\n\n\n\n<p class=\"has-black-color has-text-color\">17 de junio. VISTALEGRE (MURCIA)<\/p>\n\n\n\n<p class=\"has-black-color has-text-color\">19 de agosto. PUERTO DE VEGA (ASTURIAS)<\/p>\n","protected":false},"excerpt":{"rendered":"<p>Ob\u00fas estrenan en la web de Rock Fm el video de \u201cA Pico y Pala\u201d donde demuestran que con tes\u00f3n, esfuerzo y las ganas que nunca han perdido, siguen siendo una de las bandas longevas en activo en una forma envidiable, con nuevas canciones y una producci\u00f3n impecable. Llevan 40 a\u00f1os en la carretera sin [&hellip;]<\/p>\n","protected":false},"author":1,"featured_media":893,"comment_status":"open","ping_status":"open","sticky":false,"template":"","format":"standard","meta":[],"categories":[6,5,3],"tags":[],"_links":{"self":[{"href":"https:\/\/backgroundnoise.es\/index.php\/wp-json\/wp\/v2\/posts\/892"}],"collection":[{"href":"https:\/\/backgroundnoise.es\/index.php\/wp-json\/wp\/v2\/posts"}],"about":[{"href":"https:\/\/backgroundnoise.es\/index.php\/wp-json\/wp\/v2\/types\/post"}],"author":[{"embeddable":true,"href":"https:\/\/backgroundnoise.es\/index.php\/wp-json\/wp\/v2\/users\/1"}],"replies":[{"embeddable":true,"href":"https:\/\/backgroundnoise.es\/index.php\/wp-json\/wp\/v2\/comments?post=892"}],"version-history":[{"count":2,"href":"https:\/\/backgroundnoise.es\/index.php\/wp-json\/wp\/v2\/posts\/892\/revisions"}],"predecessor-version":[{"id":917,"href":"https:\/\/backgroundnoise.es\/index.php\/wp-json\/wp\/v2\/posts\/892\/revisions\/917"}],"wp:featuredmedia":[{"embeddable":true,"href":"https:\/\/backgroundnoise.es\/index.php\/wp-json\/wp\/v2\/media\/893"}],"wp:attachment":[{"href":"https:\/\/backgroundnoise.es\/index.php\/wp-json\/wp\/v2\/media?parent=892"}],"wp:term":[{"taxonomy":"category","embeddable":true,"href":"https:\/\/backgroundnoise.es\/index.php\/wp-json\/wp\/v2\/categories?post=892"},{"taxonomy":"post_tag","embeddable":true,"href":"https:\/\/backgroundnoise.es\/index.php\/wp-json\/wp\/v2\/tags?post=892"}],"curies":[{"name":"wp","href":"https:\/\/api.w.org\/{rel}","templated":true}]}}