{"id":883,"date":"2023-02-28T12:42:00","date_gmt":"2023-02-28T12:42:00","guid":{"rendered":"https:\/\/backgroundnoise.es\/?p=883"},"modified":"2023-03-02T14:48:21","modified_gmt":"2023-03-02T14:48:21","slug":"sigmund-wilder-abriran-la-gira-de-the-mission-en-nuestro-pais-2","status":"publish","type":"post","link":"https:\/\/backgroundnoise.es\/index.php\/2023\/02\/28\/sigmund-wilder-abriran-la-gira-de-the-mission-en-nuestro-pais-2\/","title":{"rendered":"SIGMUND WILDER abrir\u00e1n la gira de THE MISSION en nuestro pa\u00eds"},"content":{"rendered":"\n<p class=\"has-black-color has-text-color\"><strong>3 FECHAS QUE PASAR\u00c1N POR<\/strong><\/p>\n\n\n\n<p class=\"has-black-color has-text-color\"><strong>BARCELONA- 25 DE ABRIL<\/strong><\/p>\n\n\n\n<p class=\"has-black-color has-text-color\"><strong>MADRID- 26 DE ABRIL<\/strong><\/p>\n\n\n\n<p class=\"has-black-color has-text-color\"><strong>VALENCIA- 30 DE ABRIL<\/strong><\/p>\n\n\n\n<p class=\"has-black-color has-text-color\"><strong>EN 2022 LANZARON \u00abOLYMPIA\u00bb UN EP QUE INCLUYE LOS 4 TEMAS DE LA MANO DE LOS PRODUCTORES DE DAVID BOWIE, THE CURE, DEPECHE MODE, MARILYN MANSON, NINE INCH NAILS O GUNS N ROSES.<\/strong><\/p>\n\n\n\n<p class=\"has-black-color has-text-color\">Seg\u00fan ha confirmado la banda brit\u00e1nica <strong>The Mission<\/strong> en sus redes sociales, los barceloneses <strong>Sigmund Wilder <\/strong>son la banda elegida para\u00a0abrir\u00a0sus conciertos en Espa\u00f1a. La gira Deja Vu Tour &#8217;23 de la banda liderada por Wayne Hussey recalar\u00e1 en <strong>Barcelona (Razzmatazz 2), Madrid (Sala Mon) y Valencia (Repvblicca) los d\u00edas 25, 26 y 30 de abril<\/strong> respectivamente. Tras cosechar excelentes cr\u00edticas de su \u00faltimo \u00e1lbum <strong>Desorden<\/strong>, producido por Santos &amp; Fluren (Blind Records), <strong>Sigmund Wilder<\/strong> afrontan el reto y el honor de compartir cartel y escenario con una de sus bandas de referencia. \u00abPara nosotros, abrir los shows de The Mission es simplemente un honor. Ellos son emblema y vanguardia del sonido del\u00a0rock g\u00f3tico brit\u00e1nico que nosotros veneramos y al que debemos una parte fundamental de nuestro amor por la m\u00fasica\u00bb.<\/p>\n\n\n\n<p class=\"has-black-color has-text-color\">Recientemente <strong>Sigmund Wilder<\/strong> han publicado <strong>Olympia<\/strong>, un EP en el que cuatro productores de la \u00e9lite internacional como\u00a0\u00a0Tim Palmer (David Bowie, Tears For Fears, Texas, etc), Steve Lyon (The Cure, Depeche Mode, Paradise Lost, etc), Sean Beavan (Marilyn Manson, Nine Inch Nails, Guns N Roses, etc) y Paul Corkett (The Cure, Placebo, Biffy Clyro, etc) han remezclado algunos de los temas del \u00e1lbum Desorden y se encuentran en pleno proceso creativo escribiendo el que ser\u00e1 su tercer larga duraci\u00f3n.<\/p>\n\n\n\n<p class=\"has-black-color has-text-color\">Las entradas para los tres conciertos est\u00e1n ya a la venta en los links detallados a continuaci\u00f3n.<\/p>\n\n\n\n<p class=\"has-black-color has-text-color\">THE MISSION&nbsp;+ Sigmund Wilder<\/p>\n\n\n\n<p class=\"has-black-color has-text-color\">Barcelona, Razzmatazz 2<\/p>\n\n\n\n<p class=\"has-black-color has-text-color\">Martes, 25 de abril de 2023<\/p>\n\n\n\n<p><a href=\"https:\/\/mutick.com\/e\/the-mission-gene-loves-jezebel-en-barcelona\">https:\/\/mutick.com\/e\/the-mission-gene-loves-jezebel-en-barcelona<\/a><\/p>\n\n\n\n<p class=\"has-black-color has-text-color\">THE MISSION&nbsp;+ Sigmund Wilder<\/p>\n\n\n\n<p class=\"has-black-color has-text-color\">Madrid, Sala Mon<\/p>\n\n\n\n<p class=\"has-black-color has-text-color\">Mi\u00e9rcoles, 26 de abril de 2023<\/p>\n\n\n\n<p><a href=\"https:\/\/mutick.com\/e\/the-mission-gene-loves-jezebel-en-madrid\">https:\/\/mutick.com\/e\/the-mission-gene-loves-jezebel-en-madrid<\/a><\/p>\n\n\n\n<p class=\"has-black-color has-text-color\">THE MISSION&nbsp;+ Sigmund Wilder<\/p>\n\n\n\n<p class=\"has-black-color has-text-color\">Valencia, Repvblicca<\/p>\n\n\n\n<p class=\"has-black-color has-text-color\">Domingo, 30 de abril de 2023<\/p>\n\n\n\n<p><a href=\"https:\/\/mutick.com\/e\/entradas-the-mission-valencia\">https:\/\/mutick.com\/e\/entradas-the-mission-valencia<\/a><\/p>\n\n\n\n<figure class=\"wp-block-image size-large\"><img loading=\"lazy\" width=\"724\" height=\"1024\" src=\"http:\/\/backgroundnoise.es\/wp-content\/uploads\/2023\/03\/Sigmund-Wilder-The-Mission-abril-2023-724x1024.jpg\" alt=\"\" class=\"wp-image-881\" srcset=\"https:\/\/backgroundnoise.es\/wp-content\/uploads\/2023\/03\/Sigmund-Wilder-The-Mission-abril-2023-724x1024.jpg 724w, https:\/\/backgroundnoise.es\/wp-content\/uploads\/2023\/03\/Sigmund-Wilder-The-Mission-abril-2023-212x300.jpg 212w, https:\/\/backgroundnoise.es\/wp-content\/uploads\/2023\/03\/Sigmund-Wilder-The-Mission-abril-2023-768x1086.jpg 768w, https:\/\/backgroundnoise.es\/wp-content\/uploads\/2023\/03\/Sigmund-Wilder-The-Mission-abril-2023-1086x1536.jpg 1086w, https:\/\/backgroundnoise.es\/wp-content\/uploads\/2023\/03\/Sigmund-Wilder-The-Mission-abril-2023.jpg 1448w\" sizes=\"(max-width: 724px) 100vw, 724px\" \/><\/figure>\n\n\n\n<p class=\"has-black-color has-text-color\"><strong>Olympia<\/strong> es el lanzamiento con que <strong>Sigmund Wilder<\/strong> celebran su quinto aniversario como banda. <em>\u201cEl proyecto naci\u00f3 como un experimento, como uno de esos retos que das por imposibles de inicio. Siempre buscamos las conexiones y el cierre\/apertura de ciclos y c\u00edrculos en todo lo que<\/em> <em>hacemos y la idea de trabajar con los productores que dieron forma a nuestros discos de cabecera sonaba a priori tan surrealista como excitante\u201d. Olympia es un proyecto que empez\u00f3 en las nubes y fue aterrizando poco a poco a medida que los diferentes productores con los que contactamos iban mostrando su inter\u00e9s en formar parte del proyecto. \u201cNos gener\u00f3 cierto shock<\/em> <em>ver c\u00f3mo los productores de los discos que nos educaron musicalmente y nos empujaron a crear Sigmund Wilder, nos dieran determinados feedbacks sobre nuestras canciones y mostraran su entusiasmo por remezclarlos seg\u00fan su propia visi\u00f3n\u201d.<\/em><\/p>\n\n\n\n<p class=\"has-black-color has-text-color\">Los cuatro productores que han acabado formando el All Star que encontramos en Olympia tienen un curr\u00edculum a sus espaldas del que muy pocos pueden presumir.<\/p>\n\n\n\n<p class=\"has-black-color has-text-color\">La conexi\u00f3n, la colaboraci\u00f3n y la relaci\u00f3n con algunos de estos productores ha sido tan excepcional que ha abierto la puerta a posibles nuevas formas de colaboraci\u00f3n en futuras entregas y trabajos de Sigmund Wilder.<\/p>\n\n\n\n<p class=\"has-black-color has-text-color\"><strong>\u201cOLYMPIA\u201d<\/strong> est\u00e1 disponible en plataformas digitales y se puede adquirir en formato f\u00edsico en las redes sociales oficiales de la banda.<\/p>\n\n\n\n<p class=\"has-black-color has-text-color\">FB:<a href=\"https:\/\/www.facebook.com\/SigmundWilder\"> https:\/\/www.facebook.com\/SigmundWilder<\/a>&nbsp;<\/p>\n\n\n\n<p class=\"has-black-color has-text-color\">IG:<a href=\"https:\/\/www.instagram.com\/sigmundwilder\/\"> https:\/\/www.instagram.com\/sigmundwilder\/<\/a><\/p>\n\n\n\n<figure class=\"wp-block-image size-large\"><img loading=\"lazy\" width=\"850\" height=\"850\" src=\"http:\/\/backgroundnoise.es\/wp-content\/uploads\/2023\/03\/SW_DESORDEN-REMIXED_OLYMPIA-red.jpg\" alt=\"\" class=\"wp-image-884\" srcset=\"https:\/\/backgroundnoise.es\/wp-content\/uploads\/2023\/03\/SW_DESORDEN-REMIXED_OLYMPIA-red.jpg 850w, https:\/\/backgroundnoise.es\/wp-content\/uploads\/2023\/03\/SW_DESORDEN-REMIXED_OLYMPIA-red-300x300.jpg 300w, https:\/\/backgroundnoise.es\/wp-content\/uploads\/2023\/03\/SW_DESORDEN-REMIXED_OLYMPIA-red-150x150.jpg 150w, https:\/\/backgroundnoise.es\/wp-content\/uploads\/2023\/03\/SW_DESORDEN-REMIXED_OLYMPIA-red-768x768.jpg 768w\" sizes=\"(max-width: 850px) 100vw, 850px\" \/><\/figure>\n","protected":false},"excerpt":{"rendered":"<p>3 FECHAS QUE PASAR\u00c1N POR BARCELONA- 25 DE ABRIL MADRID- 26 DE ABRIL VALENCIA- 30 DE ABRIL EN 2022 LANZARON \u00abOLYMPIA\u00bb UN EP QUE INCLUYE LOS 4 TEMAS DE LA MANO DE LOS PRODUCTORES DE DAVID BOWIE, THE CURE, DEPECHE MODE, MARILYN MANSON, NINE INCH NAILS O GUNS N ROSES. Seg\u00fan ha confirmado la banda [&hellip;]<\/p>\n","protected":false},"author":1,"featured_media":881,"comment_status":"open","ping_status":"open","sticky":false,"template":"","format":"standard","meta":[],"categories":[6,3],"tags":[],"_links":{"self":[{"href":"https:\/\/backgroundnoise.es\/index.php\/wp-json\/wp\/v2\/posts\/883"}],"collection":[{"href":"https:\/\/backgroundnoise.es\/index.php\/wp-json\/wp\/v2\/posts"}],"about":[{"href":"https:\/\/backgroundnoise.es\/index.php\/wp-json\/wp\/v2\/types\/post"}],"author":[{"embeddable":true,"href":"https:\/\/backgroundnoise.es\/index.php\/wp-json\/wp\/v2\/users\/1"}],"replies":[{"embeddable":true,"href":"https:\/\/backgroundnoise.es\/index.php\/wp-json\/wp\/v2\/comments?post=883"}],"version-history":[{"count":1,"href":"https:\/\/backgroundnoise.es\/index.php\/wp-json\/wp\/v2\/posts\/883\/revisions"}],"predecessor-version":[{"id":885,"href":"https:\/\/backgroundnoise.es\/index.php\/wp-json\/wp\/v2\/posts\/883\/revisions\/885"}],"wp:featuredmedia":[{"embeddable":true,"href":"https:\/\/backgroundnoise.es\/index.php\/wp-json\/wp\/v2\/media\/881"}],"wp:attachment":[{"href":"https:\/\/backgroundnoise.es\/index.php\/wp-json\/wp\/v2\/media?parent=883"}],"wp:term":[{"taxonomy":"category","embeddable":true,"href":"https:\/\/backgroundnoise.es\/index.php\/wp-json\/wp\/v2\/categories?post=883"},{"taxonomy":"post_tag","embeddable":true,"href":"https:\/\/backgroundnoise.es\/index.php\/wp-json\/wp\/v2\/tags?post=883"}],"curies":[{"name":"wp","href":"https:\/\/api.w.org\/{rel}","templated":true}]}}