{"id":760,"date":"2023-02-02T10:18:00","date_gmt":"2023-02-02T10:18:00","guid":{"rendered":"https:\/\/backgroundnoise.es\/?p=760"},"modified":"2023-02-02T16:41:17","modified_gmt":"2023-02-02T16:41:17","slug":"la-banda-mexicana-la-vida-mia-giran-desde-hoy-en-espana-como-invitados-de-alvaro-suite","status":"publish","type":"post","link":"https:\/\/backgroundnoise.es\/index.php\/2023\/02\/02\/la-banda-mexicana-la-vida-mia-giran-desde-hoy-en-espana-como-invitados-de-alvaro-suite\/","title":{"rendered":"La banda mexicana LA VIDA MIA giran desde hoy en Espa\u00f1a como invitados de \u00c1lvaro Suite"},"content":{"rendered":"\n<p><strong>\u00abTodas Las Que Ya No Ves\u00bb<\/strong> <strong>es el EP que estar\u00e1n presentando en nuestro pa\u00eds<\/strong>.<\/p>\n\n\n\n<figure class=\"wp-block-image size-large\"><img loading=\"lazy\" width=\"1024\" height=\"683\" src=\"https:\/\/backgroundnoise.es\/wp-content\/uploads\/2023\/02\/LVM_OMEN-SESSION-118-1024x683.jpg\" alt=\"\" class=\"wp-image-761\" srcset=\"https:\/\/backgroundnoise.es\/wp-content\/uploads\/2023\/02\/LVM_OMEN-SESSION-118-1024x683.jpg 1024w, https:\/\/backgroundnoise.es\/wp-content\/uploads\/2023\/02\/LVM_OMEN-SESSION-118-300x200.jpg 300w, https:\/\/backgroundnoise.es\/wp-content\/uploads\/2023\/02\/LVM_OMEN-SESSION-118-768x512.jpg 768w, https:\/\/backgroundnoise.es\/wp-content\/uploads\/2023\/02\/LVM_OMEN-SESSION-118-1536x1025.jpg 1536w, https:\/\/backgroundnoise.es\/wp-content\/uploads\/2023\/02\/LVM_OMEN-SESSION-118-2048x1366.jpg 2048w\" sizes=\"(max-width: 1024px) 100vw, 1024px\" \/><\/figure>\n\n\n\n<figure class=\"wp-block-table\"><table><tbody><tr><td><strong>La Vida M\u00eda<\/strong> es una banda mexicana que lleva un mensaje crudo y directo, invita a reflexionar sobre la indiferencia y la vida misma. \u00a0 Fundada en 2022 por <strong>Itzel <\/strong>Vidrio (Voz &amp; composici\u00f3n), <strong>Tavo<\/strong> \u00c1lvarez (Bateria), <strong>Lalo<\/strong> (Guitarra) y <strong>Richie<\/strong> Arreola (Bajista y productor). \u00a0 <br><br>Hoy, <strong>2 de febrero, comienzan la gira de 9 fechas<\/strong> que har\u00e1n en 3 fines de semana abriendo los conciertos del veterano guitarrista sevillano \u00c1lvaro Suite, actualmente con su propio proyecto adem\u00e1s de tocar como guitarrista de Bunbury desde 2006 y Los Santos Inocentes. \u00a0 <br><br>Su primer sencillo titulado <strong>\u201cAm\u00e9n\u201d<\/strong> es un tema que busca empoderar al pueblo mexicano y hacerlo cuestionar el abuso de poder que se vive en el pa\u00eds. \u00a0 <\/td><\/tr><\/tbody><\/table><\/figure>\n\n\n\n<figure class=\"wp-block-embed is-type-video is-provider-youtube wp-block-embed-youtube wp-embed-aspect-16-9 wp-has-aspect-ratio\"><div class=\"wp-block-embed__wrapper\">\n<iframe loading=\"lazy\" title=\"La Vida M\u00eda - AM\u00c9N (Video Oficial)\" width=\"640\" height=\"360\" src=\"https:\/\/www.youtube.com\/embed\/iT_Ce_6r5XM?feature=oembed\" frameborder=\"0\" allow=\"accelerometer; autoplay; clipboard-write; encrypted-media; gyroscope; picture-in-picture; web-share\" allowfullscreen><\/iframe>\n<\/div><\/figure>\n\n\n\n<p>Actualmente la banda cuenta con su primer EP llamado \u201cTodas Las Que Ya No Ves\u201d que tambi\u00e9n le da nombre a su siguiente sencillo , tema que busca exponer, darle visibilidad y voz a todas las mujeres que ya no est\u00e1n.<\/p>\n\n\n\n<figure class=\"wp-block-image size-large\"><img loading=\"lazy\" width=\"225\" height=\"225\" src=\"https:\/\/backgroundnoise.es\/wp-content\/uploads\/2023\/02\/La-vida-Mia-portada-IG.png\" alt=\"\" class=\"wp-image-762\" srcset=\"https:\/\/backgroundnoise.es\/wp-content\/uploads\/2023\/02\/La-vida-Mia-portada-IG.png 225w, https:\/\/backgroundnoise.es\/wp-content\/uploads\/2023\/02\/La-vida-Mia-portada-IG-150x150.png 150w\" sizes=\"(max-width: 225px) 100vw, 225px\" \/><figcaption><br><br><br><br><strong>Estos son sus pr\u00f3ximos conciertos en Espa\u00f1a<\/strong><br>2 de febrero. M\u00e1laga. Velvet Club<br>3 de febrero. C\u00f3rdoba. Ambig\u00fa Ax<br>4 de febrero. Granada. Rocknrolla<br>&nbsp;<br>9 de febrero. Ja\u00e9n. La Mec\u00e1nica<br>10 de febrero. Valencia. La Casa De La Mar<br>11 de febrero. Barcelona. Sidecar<br>&nbsp;<br>23 de febrero. C\u00e1ceres. Boogaloo<br>24 de febrero. Toledo. P\u00edcaro<br>25 de febrero. Madrid. Siroco<\/figcaption><\/figure>\n\n\n\n<figure class=\"wp-block-image size-large\"><img loading=\"lazy\" width=\"656\" height=\"786\" src=\"http:\/\/backgroundnoise.es\/wp-content\/uploads\/2023\/02\/Cartel-conciertos-Espana.jpg\" alt=\"\" class=\"wp-image-763\" srcset=\"https:\/\/backgroundnoise.es\/wp-content\/uploads\/2023\/02\/Cartel-conciertos-Espana.jpg 656w, https:\/\/backgroundnoise.es\/wp-content\/uploads\/2023\/02\/Cartel-conciertos-Espana-250x300.jpg 250w\" sizes=\"(max-width: 656px) 100vw, 656px\" \/><\/figure>\n","protected":false},"excerpt":{"rendered":"<p>\u00abTodas Las Que Ya No Ves\u00bb es el EP que estar\u00e1n presentando en nuestro pa\u00eds. La Vida M\u00eda es una banda mexicana que lleva un mensaje crudo y directo, invita a reflexionar sobre la indiferencia y la vida misma. \u00a0 Fundada en 2022 por Itzel Vidrio (Voz &amp; composici\u00f3n), Tavo \u00c1lvarez (Bateria), Lalo (Guitarra) y [&hellip;]<\/p>\n","protected":false},"author":1,"featured_media":762,"comment_status":"open","ping_status":"open","sticky":false,"template":"","format":"standard","meta":[],"categories":[6,3],"tags":[],"_links":{"self":[{"href":"https:\/\/backgroundnoise.es\/index.php\/wp-json\/wp\/v2\/posts\/760"}],"collection":[{"href":"https:\/\/backgroundnoise.es\/index.php\/wp-json\/wp\/v2\/posts"}],"about":[{"href":"https:\/\/backgroundnoise.es\/index.php\/wp-json\/wp\/v2\/types\/post"}],"author":[{"embeddable":true,"href":"https:\/\/backgroundnoise.es\/index.php\/wp-json\/wp\/v2\/users\/1"}],"replies":[{"embeddable":true,"href":"https:\/\/backgroundnoise.es\/index.php\/wp-json\/wp\/v2\/comments?post=760"}],"version-history":[{"count":3,"href":"https:\/\/backgroundnoise.es\/index.php\/wp-json\/wp\/v2\/posts\/760\/revisions"}],"predecessor-version":[{"id":766,"href":"https:\/\/backgroundnoise.es\/index.php\/wp-json\/wp\/v2\/posts\/760\/revisions\/766"}],"wp:featuredmedia":[{"embeddable":true,"href":"https:\/\/backgroundnoise.es\/index.php\/wp-json\/wp\/v2\/media\/762"}],"wp:attachment":[{"href":"https:\/\/backgroundnoise.es\/index.php\/wp-json\/wp\/v2\/media?parent=760"}],"wp:term":[{"taxonomy":"category","embeddable":true,"href":"https:\/\/backgroundnoise.es\/index.php\/wp-json\/wp\/v2\/categories?post=760"},{"taxonomy":"post_tag","embeddable":true,"href":"https:\/\/backgroundnoise.es\/index.php\/wp-json\/wp\/v2\/tags?post=760"}],"curies":[{"name":"wp","href":"https:\/\/api.w.org\/{rel}","templated":true}]}}