{"id":625,"date":"2023-01-16T12:03:00","date_gmt":"2023-01-16T12:03:00","guid":{"rendered":"https:\/\/backgroundnoise.es\/?p=625"},"modified":"2023-01-19T10:05:52","modified_gmt":"2023-01-19T10:05:52","slug":"la-regadera-lanzan-su-nuevo-single-despiertame-y-anuncian-nuevas-fechas","status":"publish","type":"post","link":"https:\/\/backgroundnoise.es\/index.php\/2023\/01\/16\/la-regadera-lanzan-su-nuevo-single-despiertame-y-anuncian-nuevas-fechas\/","title":{"rendered":"LA REGADERA lanzan su nuevo single \u00b4Despi\u00e9rtame\u00b4 y anuncian nuevas fechas"},"content":{"rendered":"\n<p class=\"has-black-color has-text-color\">LA REGADERA han estrenado un nuevo single titulado \u00abDespi\u00e9rtame\u00bb, un tema mel\u00f3dico sobre una base rockera que har\u00e1 moverse a todos los que la escuchen y la disfruten en sus directos. La letra tiene un trasfondo profundo que el grupo explica a continuaci\u00f3n:<\/p>\n\n\n\n<p class=\"has-black-color has-text-color\"><em>\u00abDespierta presenta un mensaje esperanzador y alienta al cambio hacia una conciencia social en la nueva \u00e9poca que est\u00e1 por llegar y que nosotros mismos, desde nuestra individualidad, tendremos la responsabilidad de crear. Habla de la capacidad personal de generar un nuevo cambio en ti mism@, y a su vez, en tu entorno m\u00e1s cercano. Incita a ascender el nivel de conciencia para beneficio del conjunto de la humanidad y el compromiso con lo que dejaremos a nuestras nuevas generaciones.\u00bb<\/em><\/p>\n\n\n\n<p class=\"has-vivid-cyan-blue-color has-text-color\"><a href=\"https:\/\/mailing.musikaze.com\/l\/EvOGFBrJsaUdgIIVIektKw\/nftAm54NAQVjyhdh55Tlsw\/IkLpo3ky0GGQuE5SfF5JMQ\">Escucha \u00abDespi\u00e9rtame\u00bb en tu plataforma favorita<\/a><\/p>\n\n\n\n<div class=\"wp-block-image\"><figure class=\"aligncenter size-large\"><img loading=\"lazy\" width=\"400\" height=\"400\" src=\"https:\/\/backgroundnoise.es\/wp-content\/uploads\/2023\/01\/Despiertame-portada.jpg\" alt=\"\" class=\"wp-image-626\" srcset=\"https:\/\/backgroundnoise.es\/wp-content\/uploads\/2023\/01\/Despiertame-portada.jpg 400w, https:\/\/backgroundnoise.es\/wp-content\/uploads\/2023\/01\/Despiertame-portada-300x300.jpg 300w, https:\/\/backgroundnoise.es\/wp-content\/uploads\/2023\/01\/Despiertame-portada-150x150.jpg 150w, https:\/\/backgroundnoise.es\/wp-content\/uploads\/2023\/01\/Despiertame-portada-60x60.jpg 60w\" sizes=\"(max-width: 400px) 100vw, 400px\" \/><\/figure><\/div>\n\n\n\n<p class=\"has-black-color has-text-color\">Tras un 2022 lleno de grandes momentos, en el que no han parado, LA REGADERA intentar\u00e1n seguir super\u00e1ndose en 2023, como vienen haciendo durante los \u00faltimos a\u00f1os. El grupo avanza ya las primeras fechas de su nueva gira, que incluyen grandes citas como el Festival Vi\u00f1arock y el Weekend Beach Festival, adem\u00e1s de otras sorpresas que anunciaremos muy pronto \u00a1Estad atent@s!<\/p>\n\n\n\n<div class=\"wp-block-image\"><figure class=\"aligncenter size-large\"><img loading=\"lazy\" width=\"400\" height=\"451\" src=\"https:\/\/backgroundnoise.es\/wp-content\/uploads\/2023\/01\/La-Regadera-cartel-gira-16-ene-2023.jpg\" alt=\"\" class=\"wp-image-627\" srcset=\"https:\/\/backgroundnoise.es\/wp-content\/uploads\/2023\/01\/La-Regadera-cartel-gira-16-ene-2023.jpg 400w, https:\/\/backgroundnoise.es\/wp-content\/uploads\/2023\/01\/La-Regadera-cartel-gira-16-ene-2023-266x300.jpg 266w, https:\/\/backgroundnoise.es\/wp-content\/uploads\/2023\/01\/La-Regadera-cartel-gira-16-ene-2023-53x60.jpg 53w\" sizes=\"(max-width: 400px) 100vw, 400px\" \/><\/figure><\/div>\n","protected":false},"excerpt":{"rendered":"<p>LA REGADERA han estrenado un nuevo single titulado \u00abDespi\u00e9rtame\u00bb, un tema mel\u00f3dico sobre una base rockera que har\u00e1 moverse a todos los que la escuchen y la disfruten en sus directos. La letra tiene un trasfondo profundo que el grupo explica a continuaci\u00f3n: \u00abDespierta presenta un mensaje esperanzador y alienta al cambio hacia una conciencia [&hellip;]<\/p>\n","protected":false},"author":1,"featured_media":626,"comment_status":"open","ping_status":"open","sticky":false,"template":"","format":"standard","meta":[],"categories":[5,3],"tags":[],"_links":{"self":[{"href":"https:\/\/backgroundnoise.es\/index.php\/wp-json\/wp\/v2\/posts\/625"}],"collection":[{"href":"https:\/\/backgroundnoise.es\/index.php\/wp-json\/wp\/v2\/posts"}],"about":[{"href":"https:\/\/backgroundnoise.es\/index.php\/wp-json\/wp\/v2\/types\/post"}],"author":[{"embeddable":true,"href":"https:\/\/backgroundnoise.es\/index.php\/wp-json\/wp\/v2\/users\/1"}],"replies":[{"embeddable":true,"href":"https:\/\/backgroundnoise.es\/index.php\/wp-json\/wp\/v2\/comments?post=625"}],"version-history":[{"count":2,"href":"https:\/\/backgroundnoise.es\/index.php\/wp-json\/wp\/v2\/posts\/625\/revisions"}],"predecessor-version":[{"id":676,"href":"https:\/\/backgroundnoise.es\/index.php\/wp-json\/wp\/v2\/posts\/625\/revisions\/676"}],"wp:featuredmedia":[{"embeddable":true,"href":"https:\/\/backgroundnoise.es\/index.php\/wp-json\/wp\/v2\/media\/626"}],"wp:attachment":[{"href":"https:\/\/backgroundnoise.es\/index.php\/wp-json\/wp\/v2\/media?parent=625"}],"wp:term":[{"taxonomy":"category","embeddable":true,"href":"https:\/\/backgroundnoise.es\/index.php\/wp-json\/wp\/v2\/categories?post=625"},{"taxonomy":"post_tag","embeddable":true,"href":"https:\/\/backgroundnoise.es\/index.php\/wp-json\/wp\/v2\/tags?post=625"}],"curies":[{"name":"wp","href":"https:\/\/api.w.org\/{rel}","templated":true}]}}