{"id":614,"date":"2023-01-10T15:00:06","date_gmt":"2023-01-10T15:00:06","guid":{"rendered":"https:\/\/backgroundnoise.es\/?p=614"},"modified":"2023-01-19T10:08:52","modified_gmt":"2023-01-19T10:08:52","slug":"adry-fernandez-cierra-su-etapa-de-tardor-con-un-video-clip","status":"publish","type":"post","link":"https:\/\/backgroundnoise.es\/index.php\/2023\/01\/10\/adry-fernandez-cierra-su-etapa-de-tardor-con-un-video-clip\/","title":{"rendered":"Adry Fern\u00e1ndez cierra su etapa de \u00abTardor\u00bb con un video clip"},"content":{"rendered":"\n<p class=\"has-black-color has-text-color\">Adry Fern\u00e1ndez cierra su etapa de \u00abTardor\u00bb con un video clip que refleja un problema de la sociedad actual, la discapacidad mental.<\/p>\n\n\n\n<p class=\"has-black-color has-text-color\"><br>Entre 2021 y 2022 se publicaron las dos partes de \u00abTardor\u00bb, el \u00faltimo trabajo del m\u00fasico y compositor Adry Fern\u00e1ndez, dos series de 5 temas instrumentales cada una, que reflejan sus inquietudes y pensamientos.<\/p>\n\n\n\n<p class=\"has-black-color has-text-color\"><br>\u00abMontevideo Ciudad Invisible\u00bb es un video-clip y es un corto. Es una acercamiento a una realidad que viven millones de personas dentro de nuestra sociedad. Hay muchos tipos de discapacidades mentales, y muchas veces no se ven a simple vista. En cualquier caso, cada una de esas personas , intentan vivir con la mayor normalidad posible, que su entorno coopere para este fin, no es solo responsabilidad de sus allegados, sino de todos como elementos de la sociedad a la cual pertenecemos.<\/p>\n\n\n\n<p class=\"has-black-color has-text-color\"><br>Te invita a ver el v\u00eddeo y a reflexionar sobre el tema.<\/p>\n\n\n\n<p><a href=\"https:\/\/youtu.be\/EbKrYaGKkkE\">https:\/\/youtu.be\/EbKrYaGKkkE<\/a><\/p>\n\n\n\n<p><\/p>\n","protected":false},"excerpt":{"rendered":"<p>Adry Fern\u00e1ndez cierra su etapa de \u00abTardor\u00bb con un video clip que refleja un problema de la sociedad actual, la discapacidad mental. Entre 2021 y 2022 se publicaron las dos partes de \u00abTardor\u00bb, el \u00faltimo trabajo del m\u00fasico y compositor Adry Fern\u00e1ndez, dos series de 5 temas instrumentales cada una, que reflejan sus inquietudes y [&hellip;]<\/p>\n","protected":false},"author":1,"featured_media":615,"comment_status":"open","ping_status":"open","sticky":false,"template":"","format":"standard","meta":[],"categories":[3,7],"tags":[],"_links":{"self":[{"href":"https:\/\/backgroundnoise.es\/index.php\/wp-json\/wp\/v2\/posts\/614"}],"collection":[{"href":"https:\/\/backgroundnoise.es\/index.php\/wp-json\/wp\/v2\/posts"}],"about":[{"href":"https:\/\/backgroundnoise.es\/index.php\/wp-json\/wp\/v2\/types\/post"}],"author":[{"embeddable":true,"href":"https:\/\/backgroundnoise.es\/index.php\/wp-json\/wp\/v2\/users\/1"}],"replies":[{"embeddable":true,"href":"https:\/\/backgroundnoise.es\/index.php\/wp-json\/wp\/v2\/comments?post=614"}],"version-history":[{"count":2,"href":"https:\/\/backgroundnoise.es\/index.php\/wp-json\/wp\/v2\/posts\/614\/revisions"}],"predecessor-version":[{"id":680,"href":"https:\/\/backgroundnoise.es\/index.php\/wp-json\/wp\/v2\/posts\/614\/revisions\/680"}],"wp:featuredmedia":[{"embeddable":true,"href":"https:\/\/backgroundnoise.es\/index.php\/wp-json\/wp\/v2\/media\/615"}],"wp:attachment":[{"href":"https:\/\/backgroundnoise.es\/index.php\/wp-json\/wp\/v2\/media?parent=614"}],"wp:term":[{"taxonomy":"category","embeddable":true,"href":"https:\/\/backgroundnoise.es\/index.php\/wp-json\/wp\/v2\/categories?post=614"},{"taxonomy":"post_tag","embeddable":true,"href":"https:\/\/backgroundnoise.es\/index.php\/wp-json\/wp\/v2\/tags?post=614"}],"curies":[{"name":"wp","href":"https:\/\/api.w.org\/{rel}","templated":true}]}}