{"id":414,"date":"2020-09-16T17:33:00","date_gmt":"2020-09-16T17:33:00","guid":{"rendered":"http:\/\/backgroundnoise.es\/?p=414"},"modified":"2020-09-17T11:38:24","modified_gmt":"2020-09-17T11:38:24","slug":"cambio-de-fecha-para-el-concierto-de-the-black-crowes-y-anaden-una-mas","status":"publish","type":"post","link":"https:\/\/backgroundnoise.es\/index.php\/2020\/09\/16\/cambio-de-fecha-para-el-concierto-de-the-black-crowes-y-anaden-una-mas\/","title":{"rendered":"Cambio de fecha para el concierto de The Black Crowes y a\u00f1aden una m\u00e1s"},"content":{"rendered":"\n<p>Debido a la situaci\u00f3n actual, el concierto de The Black Crowes programado para este 2020 en Madrid se pospone a noviembre de 2021. Adem\u00e1s, se a\u00f1ade una fecha en Barcelona. Entradas para Madrid ya a la venta en\u00a0<a rel=\"noreferrer noopener\" href=\"http:\/\/www.livenation.es\/?fbclid=IwAR079IN7Oj01Mpq0OlrXMsUoVCPLGR3eCM8MHdgkkkySL_OLeQIamNdeNus\" target=\"_blank\">www.livenation.es<\/a>\u00a0y Ticketmaster.es. Entradas para Barcelona el 18\/09 a las 10h y preventa para los registrados en\u00a0<a rel=\"noreferrer noopener\" href=\"https:\/\/l.facebook.com\/l.php?u=http%3A%2F%2Fwww.livenation.es%2F%3Ffbclid%3DIwAR1-XVdcSbxuc9YbqHj7kaX58K3n96D5e7LkNo1j_4xTnkKGR__MGttG3Do&amp;h=AT0-QbnxaeNXwUV5NEoU1fZw3kirlpm5WCJaHiPoiE4b2r8iWHQvpytIt-ZrXuiIhSdqwQExCSTbjJsIs_qLE3J5cBu4H4jXD5kM2AHdYYaX4tPiqmIRp3Xkz4czcQd0Zg&amp;__tn__=-UK*F\" target=\"_blank\">www.livenation.es<\/a>\u00a0el 17\/09 a las 10h. <\/p>\n\n\n\n<figure class=\"wp-block-image size-large\"><img loading=\"lazy\" width=\"1024\" height=\"1024\" src=\"http:\/\/backgroundnoise.es\/wp-content\/uploads\/2020\/09\/The-Black-Crowes-10-nov-2021-1024x1024.jpg\" alt=\"\" class=\"wp-image-415\" srcset=\"https:\/\/backgroundnoise.es\/wp-content\/uploads\/2020\/09\/The-Black-Crowes-10-nov-2021-1024x1024.jpg 1024w, https:\/\/backgroundnoise.es\/wp-content\/uploads\/2020\/09\/The-Black-Crowes-10-nov-2021-300x300.jpg 300w, https:\/\/backgroundnoise.es\/wp-content\/uploads\/2020\/09\/The-Black-Crowes-10-nov-2021-150x150.jpg 150w, https:\/\/backgroundnoise.es\/wp-content\/uploads\/2020\/09\/The-Black-Crowes-10-nov-2021-768x769.jpg 768w, https:\/\/backgroundnoise.es\/wp-content\/uploads\/2020\/09\/The-Black-Crowes-10-nov-2021.jpg 1079w\" sizes=\"(max-width: 1024px) 100vw, 1024px\" \/><\/figure>\n","protected":false},"excerpt":{"rendered":"<p>Debido a la situaci\u00f3n actual, el concierto de The Black Crowes programado para este 2020 en Madrid se pospone a noviembre de 2021. Adem\u00e1s, se a\u00f1ade una fecha en Barcelona. Entradas para Madrid ya a la venta en\u00a0www.livenation.es\u00a0y Ticketmaster.es. Entradas para Barcelona el 18\/09 a las 10h y preventa para los registrados en\u00a0www.livenation.es\u00a0el 17\/09 a [&hellip;]<\/p>\n","protected":false},"author":1,"featured_media":416,"comment_status":"open","ping_status":"open","sticky":false,"template":"","format":"standard","meta":[],"categories":[3],"tags":[],"_links":{"self":[{"href":"https:\/\/backgroundnoise.es\/index.php\/wp-json\/wp\/v2\/posts\/414"}],"collection":[{"href":"https:\/\/backgroundnoise.es\/index.php\/wp-json\/wp\/v2\/posts"}],"about":[{"href":"https:\/\/backgroundnoise.es\/index.php\/wp-json\/wp\/v2\/types\/post"}],"author":[{"embeddable":true,"href":"https:\/\/backgroundnoise.es\/index.php\/wp-json\/wp\/v2\/users\/1"}],"replies":[{"embeddable":true,"href":"https:\/\/backgroundnoise.es\/index.php\/wp-json\/wp\/v2\/comments?post=414"}],"version-history":[{"count":1,"href":"https:\/\/backgroundnoise.es\/index.php\/wp-json\/wp\/v2\/posts\/414\/revisions"}],"predecessor-version":[{"id":417,"href":"https:\/\/backgroundnoise.es\/index.php\/wp-json\/wp\/v2\/posts\/414\/revisions\/417"}],"wp:featuredmedia":[{"embeddable":true,"href":"https:\/\/backgroundnoise.es\/index.php\/wp-json\/wp\/v2\/media\/416"}],"wp:attachment":[{"href":"https:\/\/backgroundnoise.es\/index.php\/wp-json\/wp\/v2\/media?parent=414"}],"wp:term":[{"taxonomy":"category","embeddable":true,"href":"https:\/\/backgroundnoise.es\/index.php\/wp-json\/wp\/v2\/categories?post=414"},{"taxonomy":"post_tag","embeddable":true,"href":"https:\/\/backgroundnoise.es\/index.php\/wp-json\/wp\/v2\/tags?post=414"}],"curies":[{"name":"wp","href":"https:\/\/api.w.org\/{rel}","templated":true}]}}