{"id":358,"date":"2020-07-13T10:02:24","date_gmt":"2020-07-13T10:02:24","guid":{"rendered":"http:\/\/backgroundnoise.es\/?p=358"},"modified":"2020-07-13T10:02:24","modified_gmt":"2020-07-13T10:02:24","slug":"the-guilty-brigade-proximo-video-clip","status":"publish","type":"post","link":"https:\/\/backgroundnoise.es\/index.php\/2020\/07\/13\/the-guilty-brigade-proximo-video-clip\/","title":{"rendered":"The Guilty Brigade, pr\u00f3ximo video clip"},"content":{"rendered":"\n<p><img loading=\"lazy\" height=\"16\" width=\"16\" alt=\"\u27a1\ufe0f\" src=\"https:\/\/static.xx.fbcdn.net\/images\/emoji.php\/v9\/t25\/1.5\/16\/27a1.png\"> Viernes 17. <\/p>\n\n\n\n<p><img loading=\"lazy\" height=\"16\" width=\"16\" alt=\"\u27a1\ufe0f\" src=\"https:\/\/static.xx.fbcdn.net\/images\/emoji.php\/v9\/t25\/1.5\/16\/27a1.png\"> Nuevo videoclip. <\/p>\n\n\n\n<p>El pr\u00f3ximo viernes 17 estrenaremos el videoclip de \u00abCad\u00e1veres en la tierra\u00bb, haciendo un ejercicio de memoria, reivindicaci\u00f3n, lucha y homenaje al mismo tiempo. Los y las protagonistas no ser\u00e1n otrxs que las propias v\u00edctimas directas del fascismo. Pronto m\u00e1s detalles.Estad atentxs.<\/p>\n\n\n\n<figure class=\"wp-block-image size-large\"><img loading=\"lazy\" width=\"960\" height=\"540\" src=\"http:\/\/backgroundnoise.es\/wp-content\/uploads\/2020\/07\/17-julio-nuevo-video.jpg\" alt=\"\" class=\"wp-image-359\" srcset=\"https:\/\/backgroundnoise.es\/wp-content\/uploads\/2020\/07\/17-julio-nuevo-video.jpg 960w, https:\/\/backgroundnoise.es\/wp-content\/uploads\/2020\/07\/17-julio-nuevo-video-300x169.jpg 300w, https:\/\/backgroundnoise.es\/wp-content\/uploads\/2020\/07\/17-julio-nuevo-video-768x432.jpg 768w\" sizes=\"(max-width: 960px) 100vw, 960px\" \/><\/figure>\n\n\n\n<p><\/p>\n","protected":false},"excerpt":{"rendered":"<p>Viernes 17. Nuevo videoclip. El pr\u00f3ximo viernes 17 estrenaremos el videoclip de \u00abCad\u00e1veres en la tierra\u00bb, haciendo un ejercicio de memoria, reivindicaci\u00f3n, lucha y homenaje al mismo tiempo. Los y las protagonistas no ser\u00e1n otrxs que las propias v\u00edctimas directas del fascismo. Pronto m\u00e1s detalles.Estad atentxs.<\/p>\n","protected":false},"author":1,"featured_media":359,"comment_status":"open","ping_status":"open","sticky":false,"template":"","format":"standard","meta":[],"categories":[3],"tags":[],"_links":{"self":[{"href":"https:\/\/backgroundnoise.es\/index.php\/wp-json\/wp\/v2\/posts\/358"}],"collection":[{"href":"https:\/\/backgroundnoise.es\/index.php\/wp-json\/wp\/v2\/posts"}],"about":[{"href":"https:\/\/backgroundnoise.es\/index.php\/wp-json\/wp\/v2\/types\/post"}],"author":[{"embeddable":true,"href":"https:\/\/backgroundnoise.es\/index.php\/wp-json\/wp\/v2\/users\/1"}],"replies":[{"embeddable":true,"href":"https:\/\/backgroundnoise.es\/index.php\/wp-json\/wp\/v2\/comments?post=358"}],"version-history":[{"count":1,"href":"https:\/\/backgroundnoise.es\/index.php\/wp-json\/wp\/v2\/posts\/358\/revisions"}],"predecessor-version":[{"id":360,"href":"https:\/\/backgroundnoise.es\/index.php\/wp-json\/wp\/v2\/posts\/358\/revisions\/360"}],"wp:featuredmedia":[{"embeddable":true,"href":"https:\/\/backgroundnoise.es\/index.php\/wp-json\/wp\/v2\/media\/359"}],"wp:attachment":[{"href":"https:\/\/backgroundnoise.es\/index.php\/wp-json\/wp\/v2\/media?parent=358"}],"wp:term":[{"taxonomy":"category","embeddable":true,"href":"https:\/\/backgroundnoise.es\/index.php\/wp-json\/wp\/v2\/categories?post=358"},{"taxonomy":"post_tag","embeddable":true,"href":"https:\/\/backgroundnoise.es\/index.php\/wp-json\/wp\/v2\/tags?post=358"}],"curies":[{"name":"wp","href":"https:\/\/api.w.org\/{rel}","templated":true}]}}