{"id":338,"date":"2020-06-23T17:07:27","date_gmt":"2020-06-23T17:07:27","guid":{"rendered":"http:\/\/backgroundnoise.es\/?p=338"},"modified":"2020-06-23T17:07:27","modified_gmt":"2020-06-23T17:07:27","slug":"neus-ferri-estrena-en-exclusiva-a-traves-de-tresdeu-su-nuevo-single-sant-joan","status":"publish","type":"post","link":"https:\/\/backgroundnoise.es\/index.php\/2020\/06\/23\/neus-ferri-estrena-en-exclusiva-a-traves-de-tresdeu-su-nuevo-single-sant-joan\/","title":{"rendered":"Neus Ferri estrena, en exclusiva a trav\u00e9s de Tresdeu, su nuevo single &#8216;Sant Joan&#8217;"},"content":{"rendered":"\n<p>\u2018Sant Joan\u2019 es el nuevo single de Neus Ferri, la cantante y compositora de Alcoi, residente en la isla de Menorca. Algo m\u00e1s de un a\u00f1o despu\u00e9s de la publicaci\u00f3n de su \u00faltimo disco, \u2018Canciones de Amor al Odio\u2019, ve la luz este tema, cantado en valenciano, que la artista describe como \u201cuna canci\u00f3n de amor que escrib\u00ed la noche de San Juan de 2017, reci\u00e9n instalada en Menorca y enamorada de ella y tras m\u00e1s de 15 a\u00f1os sin escribir en mi lengua. Es una canci\u00f3n de amor rom\u00e1ntico que contiene tanto az\u00facar como drama.\u201d<\/p>\n\n\n\n<p>\u2018Sant Joan\u2019 es el mar contra las rocas en la noche oscura, es la falta de respuestas contra el silencio, es un lamento en mitad de la velada m\u00e1s bella del a\u00f1o, tras el fuego y los fuegos, cuando todo queda vac\u00edo y viajas entre la historia perfecta y lo peor. En ella confluyen los porqu\u00e9s y las ganas. Con ella, Neus Ferri vuelca de nuevo sus sentimientos y sensaciones m\u00e1s profundas, para trasmitirlas en forma de canci\u00f3n:<\/p>\n\n\n\n<p>\u201cEs mi peque\u00f1o regalo a esta isla que ahora es mi hogar y a todos quienes viven en ella y que en este momento vivimos no podr\u00e1n celebrar sus fiestas. Una sencilla canci\u00f3n de amor en tiempos en los que el odio invade los medios, las conversaciones y los pensamientos de todav\u00eda demasiada gente. Necesitamos canciones de amor para llorar, para ilusionarnos, para sonre\u00edr y contagi\u00e1rnoslo. S\u00f3lo el amor deber\u00eda ser viral.\u201d<\/p>\n\n\n\n<figure class=\"wp-block-embed-wordpress wp-block-embed is-type-wp-embed is-provider-tresdeu-com\"><div class=\"wp-block-embed__wrapper\">\nhttps:\/\/www.tresdeu.com\/2020\/06\/sant-joan-neus-ferri.html\n<\/div><\/figure>\n","protected":false},"excerpt":{"rendered":"<p>\u2018Sant Joan\u2019 es el nuevo single de Neus Ferri, la cantante y compositora de Alcoi, residente en la isla de Menorca. Algo m\u00e1s de un a\u00f1o despu\u00e9s de la publicaci\u00f3n de su \u00faltimo disco, \u2018Canciones de Amor al Odio\u2019, ve la luz este tema, cantado en valenciano, que la artista describe como \u201cuna canci\u00f3n de [&hellip;]<\/p>\n","protected":false},"author":1,"featured_media":339,"comment_status":"open","ping_status":"open","sticky":false,"template":"","format":"standard","meta":[],"categories":[3],"tags":[],"_links":{"self":[{"href":"https:\/\/backgroundnoise.es\/index.php\/wp-json\/wp\/v2\/posts\/338"}],"collection":[{"href":"https:\/\/backgroundnoise.es\/index.php\/wp-json\/wp\/v2\/posts"}],"about":[{"href":"https:\/\/backgroundnoise.es\/index.php\/wp-json\/wp\/v2\/types\/post"}],"author":[{"embeddable":true,"href":"https:\/\/backgroundnoise.es\/index.php\/wp-json\/wp\/v2\/users\/1"}],"replies":[{"embeddable":true,"href":"https:\/\/backgroundnoise.es\/index.php\/wp-json\/wp\/v2\/comments?post=338"}],"version-history":[{"count":1,"href":"https:\/\/backgroundnoise.es\/index.php\/wp-json\/wp\/v2\/posts\/338\/revisions"}],"predecessor-version":[{"id":340,"href":"https:\/\/backgroundnoise.es\/index.php\/wp-json\/wp\/v2\/posts\/338\/revisions\/340"}],"wp:featuredmedia":[{"embeddable":true,"href":"https:\/\/backgroundnoise.es\/index.php\/wp-json\/wp\/v2\/media\/339"}],"wp:attachment":[{"href":"https:\/\/backgroundnoise.es\/index.php\/wp-json\/wp\/v2\/media?parent=338"}],"wp:term":[{"taxonomy":"category","embeddable":true,"href":"https:\/\/backgroundnoise.es\/index.php\/wp-json\/wp\/v2\/categories?post=338"},{"taxonomy":"post_tag","embeddable":true,"href":"https:\/\/backgroundnoise.es\/index.php\/wp-json\/wp\/v2\/tags?post=338"}],"curies":[{"name":"wp","href":"https:\/\/api.w.org\/{rel}","templated":true}]}}