{"id":2608,"date":"2026-02-25T15:36:19","date_gmt":"2026-02-25T15:36:19","guid":{"rendered":"https:\/\/backgroundnoise.es\/?p=2608"},"modified":"2026-02-25T15:36:19","modified_gmt":"2026-02-25T15:36:19","slug":"como-si-fuera-ayer-el-tema-de-julen-garcia-en-las-sesiones-de-crvdo","status":"publish","type":"post","link":"https:\/\/backgroundnoise.es\/index.php\/2026\/02\/25\/como-si-fuera-ayer-el-tema-de-julen-garcia-en-las-sesiones-de-crvdo\/","title":{"rendered":"\u00abComo si fuera ayer\u00bb, el tema de JULEN GARC\u00cdA, en las sesiones de CRVDO"},"content":{"rendered":"\n<figure class=\"wp-block-embed is-type-video is-provider-youtube wp-block-embed-youtube wp-embed-aspect-16-9 wp-has-aspect-ratio\"><div class=\"wp-block-embed__wrapper\">\n<iframe loading=\"lazy\" title=\"CRVDO | Session #121: Julen Garc\u00eda | &quot;Como Si Fuera Ayer&quot;\" width=\"640\" height=\"360\" src=\"https:\/\/www.youtube.com\/embed\/XctbHgS8zEw?feature=oembed\" frameborder=\"0\" allow=\"accelerometer; autoplay; clipboard-write; encrypted-media; gyroscope; picture-in-picture; web-share\" referrerpolicy=\"strict-origin-when-cross-origin\" allowfullscreen><\/iframe>\n<\/div><\/figure>\n\n\n\n<p class=\"has-black-color has-text-color\">A las puertas de la salida de su nuevo disco \u00abEn Tus 13\u00bb, el compositor y m\u00fasico Julen Garc\u00eda nos muestra su versi\u00f3n m\u00e1s \u00edntima de uno de los temas que van a estar incluidos en este nuevo trabajo.<\/p>\n\n\n\n<p class=\"has-black-color has-text-color\">La versi\u00f3n el\u00e9ctrica de la canci\u00f3n se public\u00f3 el 23 de enero en plataformas como segundo adelanto del \u00e1lbum.<\/p>\n\n\n\n<p class=\"has-black-color has-text-color\">CRVDO es un espacio crudo para que los artistas muestren su lado m\u00e1s personal e \u00edntimo de sus canciones.<\/p>\n\n\n\n<p class=\"has-black-color has-text-color\"><\/p>\n","protected":false},"excerpt":{"rendered":"<p>A las puertas de la salida de su nuevo disco \u00abEn Tus 13\u00bb, el compositor y m\u00fasico Julen Garc\u00eda nos muestra su versi\u00f3n m\u00e1s \u00edntima de uno de los temas que van a estar incluidos en este nuevo trabajo. La versi\u00f3n el\u00e9ctrica de la canci\u00f3n se public\u00f3 el 23 de enero en plataformas como segundo [&hellip;]<\/p>\n","protected":false},"author":1,"featured_media":0,"comment_status":"open","ping_status":"open","sticky":false,"template":"","format":"standard","meta":[],"categories":[1],"tags":[],"_links":{"self":[{"href":"https:\/\/backgroundnoise.es\/index.php\/wp-json\/wp\/v2\/posts\/2608"}],"collection":[{"href":"https:\/\/backgroundnoise.es\/index.php\/wp-json\/wp\/v2\/posts"}],"about":[{"href":"https:\/\/backgroundnoise.es\/index.php\/wp-json\/wp\/v2\/types\/post"}],"author":[{"embeddable":true,"href":"https:\/\/backgroundnoise.es\/index.php\/wp-json\/wp\/v2\/users\/1"}],"replies":[{"embeddable":true,"href":"https:\/\/backgroundnoise.es\/index.php\/wp-json\/wp\/v2\/comments?post=2608"}],"version-history":[{"count":1,"href":"https:\/\/backgroundnoise.es\/index.php\/wp-json\/wp\/v2\/posts\/2608\/revisions"}],"predecessor-version":[{"id":2609,"href":"https:\/\/backgroundnoise.es\/index.php\/wp-json\/wp\/v2\/posts\/2608\/revisions\/2609"}],"wp:attachment":[{"href":"https:\/\/backgroundnoise.es\/index.php\/wp-json\/wp\/v2\/media?parent=2608"}],"wp:term":[{"taxonomy":"category","embeddable":true,"href":"https:\/\/backgroundnoise.es\/index.php\/wp-json\/wp\/v2\/categories?post=2608"},{"taxonomy":"post_tag","embeddable":true,"href":"https:\/\/backgroundnoise.es\/index.php\/wp-json\/wp\/v2\/tags?post=2608"}],"curies":[{"name":"wp","href":"https:\/\/api.w.org\/{rel}","templated":true}]}}