{"id":2252,"date":"2024-12-19T16:30:40","date_gmt":"2024-12-19T16:30:40","guid":{"rendered":"https:\/\/backgroundnoise.es\/?p=2252"},"modified":"2024-12-19T16:30:40","modified_gmt":"2024-12-19T16:30:40","slug":"da-igual-viajaran-por-primera-vez-a-islas-canarias-este-fin-de-semana","status":"publish","type":"post","link":"https:\/\/backgroundnoise.es\/index.php\/2024\/12\/19\/da-igual-viajaran-por-primera-vez-a-islas-canarias-este-fin-de-semana\/","title":{"rendered":"DA IGUAL viajar\u00e1n, por primera vez, a Islas Canarias este fin de semana"},"content":{"rendered":"\n<p class=\"has-black-color has-text-color\">La ciudad de Arrecife acoger\u00e1 ma\u00f1ana, viernes 20 de diciembre, a la banda Da Igual para presentar all\u00ed sus temas en la Plaza de Las Palmas a partir de las 22.30h.<\/p>\n\n\n\n<p class=\"has-black-color has-text-color\"><br>Tras una semana despu\u00e9s de haber llenado Razzmatazz 3 en Barcelona, el grupo de Reus sigue en su gira d\u00e1ndose a conocer por todo el territorio espa\u00f1ol. Ma\u00f1ana, las Islas Canarias ser\u00e1n su nuevo destino para poner la primera semilla en las islas.<\/p>\n\n\n\n<p class=\"has-black-color has-text-color\"><br>Para 2025 ya tienen muchas fechas cerradas que ir\u00e1n anunciando poco a poco, pero este es el primer adelanto<br><\/p>\n\n\n\n<p class=\"has-black-color has-text-color\">22 de marzo- Sala Nazca- Madrid<\/p>\n\n\n\n<p class=\"has-black-color has-text-color\">12 de abril- Canalla- Pamplona<\/p>\n\n\n\n<p class=\"has-black-color has-text-color\">3 de mayo- Escenario Santander<\/p>\n\n\n\n<p class=\"has-black-color has-text-color\"><br>Hace unos d\u00edas lanzaron su nuevo single, el primer adelanto de \u00abStar Ways 2\u00bb, \u00abCocinero Cocinero\u00bb de Antonio Molina<\/p>\n\n\n\n<figure class=\"wp-block-embed is-type-video is-provider-youtube wp-block-embed-youtube wp-embed-aspect-16-9 wp-has-aspect-ratio\"><div class=\"wp-block-embed__wrapper\">\n<iframe loading=\"lazy\" title=\"Da Igual : Cocinero Cocinero [Videoclip Oficial] 4K\" width=\"640\" height=\"360\" src=\"https:\/\/www.youtube.com\/embed\/igNLiLQmu5s?feature=oembed\" frameborder=\"0\" allow=\"accelerometer; autoplay; clipboard-write; encrypted-media; gyroscope; picture-in-picture; web-share\" referrerpolicy=\"strict-origin-when-cross-origin\" allowfullscreen><\/iframe>\n<\/div><\/figure>\n\n\n\n<p class=\"has-black-color has-text-color\"><br><\/p>\n","protected":false},"excerpt":{"rendered":"<p>La ciudad de Arrecife acoger\u00e1 ma\u00f1ana, viernes 20 de diciembre, a la banda Da Igual para presentar all\u00ed sus temas en la Plaza de Las Palmas a partir de las 22.30h. Tras una semana despu\u00e9s de haber llenado Razzmatazz 3 en Barcelona, el grupo de Reus sigue en su gira d\u00e1ndose a conocer por todo [&hellip;]<\/p>\n","protected":false},"author":1,"featured_media":2253,"comment_status":"open","ping_status":"open","sticky":false,"template":"","format":"standard","meta":[],"categories":[6,5,3,7],"tags":[],"_links":{"self":[{"href":"https:\/\/backgroundnoise.es\/index.php\/wp-json\/wp\/v2\/posts\/2252"}],"collection":[{"href":"https:\/\/backgroundnoise.es\/index.php\/wp-json\/wp\/v2\/posts"}],"about":[{"href":"https:\/\/backgroundnoise.es\/index.php\/wp-json\/wp\/v2\/types\/post"}],"author":[{"embeddable":true,"href":"https:\/\/backgroundnoise.es\/index.php\/wp-json\/wp\/v2\/users\/1"}],"replies":[{"embeddable":true,"href":"https:\/\/backgroundnoise.es\/index.php\/wp-json\/wp\/v2\/comments?post=2252"}],"version-history":[{"count":1,"href":"https:\/\/backgroundnoise.es\/index.php\/wp-json\/wp\/v2\/posts\/2252\/revisions"}],"predecessor-version":[{"id":2254,"href":"https:\/\/backgroundnoise.es\/index.php\/wp-json\/wp\/v2\/posts\/2252\/revisions\/2254"}],"wp:featuredmedia":[{"embeddable":true,"href":"https:\/\/backgroundnoise.es\/index.php\/wp-json\/wp\/v2\/media\/2253"}],"wp:attachment":[{"href":"https:\/\/backgroundnoise.es\/index.php\/wp-json\/wp\/v2\/media?parent=2252"}],"wp:term":[{"taxonomy":"category","embeddable":true,"href":"https:\/\/backgroundnoise.es\/index.php\/wp-json\/wp\/v2\/categories?post=2252"},{"taxonomy":"post_tag","embeddable":true,"href":"https:\/\/backgroundnoise.es\/index.php\/wp-json\/wp\/v2\/tags?post=2252"}],"curies":[{"name":"wp","href":"https:\/\/api.w.org\/{rel}","templated":true}]}}