{"id":2208,"date":"2024-11-19T18:25:57","date_gmt":"2024-11-19T18:25:57","guid":{"rendered":"https:\/\/backgroundnoise.es\/?p=2208"},"modified":"2024-11-19T18:25:57","modified_gmt":"2024-11-19T18:25:57","slug":"manana-mafalda-daran-su-ultimo-grito-en-la-sala-apolo-de-barcelona-antes-de-su-separacion","status":"publish","type":"post","link":"https:\/\/backgroundnoise.es\/index.php\/2024\/11\/19\/manana-mafalda-daran-su-ultimo-grito-en-la-sala-apolo-de-barcelona-antes-de-su-separacion\/","title":{"rendered":"Ma\u00f1ana MAFALDA dar\u00e1n su \u00faltimo grito en la Sala Apolo de Barcelona antes de su separaci\u00f3n"},"content":{"rendered":"\n<p class=\"has-black-color has-text-color\">Hace un a\u00f1o anunciaron su disoluci\u00f3n definitiva con una gran gira por delante que les ha hecho recorrer todo el pa\u00eds en salas y festivales.<\/p>\n\n\n\n<p class=\"has-black-color has-text-color\"><br>Han dejado los platos fuertes hasta el final y en noviembre han hecho 2 fechas en Madrid, han pasado por Vitoria, Bilbao y les quedan las 3 \u00faltimas fechas en Barcelona el mi\u00e9rcoles 20 de noviembre y en Valencia el viernes 22 y s\u00e1bado 23.<\/p>\n\n\n\n<p class=\"has-black-color has-text-color\"><br>La Sala Apolo recoger\u00e1 las \u00faltimas sensaciones, emociones, canciones y gritos de la banda en la ciudad condal.<br>Quedan las \u00faltimas entradas, si no te lo quieres perder, no te lo pienses, va a ser muy emocionante.<\/p>\n\n\n\n<p class=\"has-black-color has-text-color\"><br><a href=\"https:\/\/www.enterticket.es\/eventos\/mafalda-en-barcelona-gira-de-despedida-un-ultimo-grito-797403\">https:\/\/www.enterticket.es\/eventos\/mafalda-en-barcelona-gira-de-despedida-un-ultimo-grito-797403<\/a><br><\/p>\n","protected":false},"excerpt":{"rendered":"<p>Hace un a\u00f1o anunciaron su disoluci\u00f3n definitiva con una gran gira por delante que les ha hecho recorrer todo el pa\u00eds en salas y festivales. Han dejado los platos fuertes hasta el final y en noviembre han hecho 2 fechas en Madrid, han pasado por Vitoria, Bilbao y les quedan las 3 \u00faltimas fechas en [&hellip;]<\/p>\n","protected":false},"author":1,"featured_media":2209,"comment_status":"open","ping_status":"open","sticky":false,"template":"","format":"standard","meta":[],"categories":[6,3],"tags":[],"_links":{"self":[{"href":"https:\/\/backgroundnoise.es\/index.php\/wp-json\/wp\/v2\/posts\/2208"}],"collection":[{"href":"https:\/\/backgroundnoise.es\/index.php\/wp-json\/wp\/v2\/posts"}],"about":[{"href":"https:\/\/backgroundnoise.es\/index.php\/wp-json\/wp\/v2\/types\/post"}],"author":[{"embeddable":true,"href":"https:\/\/backgroundnoise.es\/index.php\/wp-json\/wp\/v2\/users\/1"}],"replies":[{"embeddable":true,"href":"https:\/\/backgroundnoise.es\/index.php\/wp-json\/wp\/v2\/comments?post=2208"}],"version-history":[{"count":1,"href":"https:\/\/backgroundnoise.es\/index.php\/wp-json\/wp\/v2\/posts\/2208\/revisions"}],"predecessor-version":[{"id":2210,"href":"https:\/\/backgroundnoise.es\/index.php\/wp-json\/wp\/v2\/posts\/2208\/revisions\/2210"}],"wp:featuredmedia":[{"embeddable":true,"href":"https:\/\/backgroundnoise.es\/index.php\/wp-json\/wp\/v2\/media\/2209"}],"wp:attachment":[{"href":"https:\/\/backgroundnoise.es\/index.php\/wp-json\/wp\/v2\/media?parent=2208"}],"wp:term":[{"taxonomy":"category","embeddable":true,"href":"https:\/\/backgroundnoise.es\/index.php\/wp-json\/wp\/v2\/categories?post=2208"},{"taxonomy":"post_tag","embeddable":true,"href":"https:\/\/backgroundnoise.es\/index.php\/wp-json\/wp\/v2\/tags?post=2208"}],"curies":[{"name":"wp","href":"https:\/\/api.w.org\/{rel}","templated":true}]}}