{"id":2092,"date":"2024-09-06T15:22:27","date_gmt":"2024-09-06T15:22:27","guid":{"rendered":"https:\/\/backgroundnoise.es\/?p=2092"},"modified":"2024-09-06T15:22:27","modified_gmt":"2024-09-06T15:22:27","slug":"bihotza-la-nueva-banda-de-calero-ldn-e-ivan-ska-p-llenan-en-erandio-y-anuncian-proximas-fechas-en-barcelona-madrid-y-bilbao","status":"publish","type":"post","link":"https:\/\/backgroundnoise.es\/index.php\/2024\/09\/06\/bihotza-la-nueva-banda-de-calero-ldn-e-ivan-ska-p-llenan-en-erandio-y-anuncian-proximas-fechas-en-barcelona-madrid-y-bilbao\/","title":{"rendered":"BIHOTZA, la nueva banda de Calero LDN e Iv\u00e1n (Ska-P) llenan en Erandio y anuncian pr\u00f3ximas fechas en Barcelona, Madrid y Bilbao"},"content":{"rendered":"\n<p class=\"has-black-color has-text-color\"><strong>La nueva banda de rock de Calero LDN e Iv\u00e1n (Ska-p) lanz\u00f3 su \u00e1lbum debut \u00abCorona de Espinas\u00bb el pasado 12 de julio<\/strong><\/p>\n\n\n\n<figure class=\"wp-block-image size-large\"><img loading=\"lazy\" width=\"600\" height=\"337\" src=\"https:\/\/backgroundnoise.es\/wp-content\/uploads\/2024\/09\/Foto-Bihotza-Erandio.jpg\" alt=\"\" class=\"wp-image-2093\" srcset=\"https:\/\/backgroundnoise.es\/wp-content\/uploads\/2024\/09\/Foto-Bihotza-Erandio.jpg 600w, https:\/\/backgroundnoise.es\/wp-content\/uploads\/2024\/09\/Foto-Bihotza-Erandio-300x169.jpg 300w\" sizes=\"(max-width: 600px) 100vw, 600px\" \/><\/figure>\n\n\n\n<p class=\"has-black-color has-text-color\"><strong>BIHOTZA<\/strong> lo forman&nbsp;dos conocidos m\u00fasicos de nuestro pa\u00eds<\/p>\n\n\n\n<p class=\"has-black-color has-text-color\"><strong>Calero LDN<\/strong>, un conocido cantante de rap que comenz\u00f3 en la m\u00fasica en 2014 y que durante estos a\u00f1os ha logrado convertir algunas de sus canciones en himnos.<\/p>\n\n\n\n<p class=\"has-black-color has-text-color\">En paralelo, decidi\u00f3 tirar por el rock y unirse al bater\u00eda de una de las bandas m\u00e1s ic\u00f3nicos del estado, <strong>Iv\u00e1n Pozuelo (Guevo)<\/strong>. Completan la banda Chara Corrado\u00a0 (bajo) y Elena Castell\u00f3 (guitarra). El 12 de julio lanzaron su primer trabajo<strong> \u201cCorona de Espinas\u201d<\/strong> y estrenaron el \u00faltimo single con video <strong>\u201cCarro\u00f1eros\u201d <\/strong>el broche de oro con el que Bihotza cierra su primer disco.<\/p>\n\n\n\n<p class=\"has-black-color has-text-color\"><strong>ESCUCHA \u00abCorona de Espinas\u00bb<\/strong>&#8211; <a href=\"https:\/\/open.spotify.com\/intl-es\/album\/7a0OPrgyDJVQmlvYKwKkCS?si=QU2-DZO9Qumv_hvOhnMbFQ\">https:\/\/open.spotify.com\/intl-es\/album\/7a0OPrgyDJVQmlvYKwKkCS?si=QU2-DZO9Qumv_hvOhnMbFQ<\/a><\/p>\n\n\n\n<p class=\"has-black-color has-text-color\">\u201cCarro\u00f1eros\u201d es un tema con esencia harcore punk en el que colabora Pulpul, cantante de Ska-P. Una canci\u00f3n r\u00e1pida y directa que expone la problem\u00e1tica de un mundo injusto donde reina desigualdad causada por el ego\u00edsmo de las clases sociales dominantes y que invita a la uni\u00f3n y lucha para combatir esta situaci\u00f3n. Un estribillo pegadizo y reivindicativo junto a una letra desgarradora con marcada cr\u00edtica social donde Pulpul y Bihotza se fusionan de manera perfecta.<\/p>\n\n\n\n<p class=\"has-black-color has-text-color\"><br>La canci\u00f3n fue grabada en Corleone Estudio de la mano de Mr. Chifly y el v\u00eddeo corre a cargo de Marko Drap, cuyo resultado ya pod\u00e9is disfrutar en todas las plataformas.<\/p>\n\n\n\n<figure class=\"wp-block-embed is-type-video is-provider-youtube wp-block-embed-youtube wp-embed-aspect-4-3 wp-has-aspect-ratio\"><div class=\"wp-block-embed__wrapper\">\n<iframe loading=\"lazy\" title=\"BIHOTZA - Carro\u00f1eros feat. Pulpul (Ska-P)\" width=\"640\" height=\"480\" src=\"https:\/\/www.youtube.com\/embed\/uzsUPqy4unU?feature=oembed\" frameborder=\"0\" allow=\"accelerometer; autoplay; clipboard-write; encrypted-media; gyroscope; picture-in-picture; web-share\" referrerpolicy=\"strict-origin-when-cross-origin\" allowfullscreen><\/iframe>\n<\/div><\/figure>\n\n\n\n<p class=\"has-black-color has-text-color\"><strong>Sus pr\u00f3ximos conciertos son<\/strong><\/p>\n\n\n\n<p class=\"has-black-color has-text-color\"><strong>4 de octubre &#8211; <a href=\"https:\/\/www.wegow.com\/es\/conciertos\/bihotza-en-barcelona\" target=\"_blank\" rel=\"noreferrer noopener\">La Nau- Barcelona<\/a><\/strong><\/p>\n\n\n\n<p class=\"has-black-color has-text-color\"><strong>11 de octubre- <a rel=\"noreferrer noopener\" href=\"https:\/\/www.wegow.com\/es\/conciertos\/bihotza-en-madrid\" target=\"_blank\">Chang\u00f3 &#8211; Madrid<\/a><\/strong><\/p>\n\n\n\n<p class=\"has-black-color has-text-color\"><strong>23 de noviembre- \u00a0<a rel=\"noreferrer noopener\" href=\"https:\/\/www.wegow.com\/es\/conciertos\/bihotza-en-bilbao\" target=\"_blank\">Sala Premier- Bilbao<\/a><\/strong><\/p>\n","protected":false},"excerpt":{"rendered":"<p>La nueva banda de rock de Calero LDN e Iv\u00e1n (Ska-p) lanz\u00f3 su \u00e1lbum debut \u00abCorona de Espinas\u00bb el pasado 12 de julio BIHOTZA lo forman&nbsp;dos conocidos m\u00fasicos de nuestro pa\u00eds Calero LDN, un conocido cantante de rap que comenz\u00f3 en la m\u00fasica en 2014 y que durante estos a\u00f1os ha logrado convertir algunas de [&hellip;]<\/p>\n","protected":false},"author":1,"featured_media":2094,"comment_status":"open","ping_status":"open","sticky":false,"template":"","format":"standard","meta":[],"categories":[6,3],"tags":[],"_links":{"self":[{"href":"https:\/\/backgroundnoise.es\/index.php\/wp-json\/wp\/v2\/posts\/2092"}],"collection":[{"href":"https:\/\/backgroundnoise.es\/index.php\/wp-json\/wp\/v2\/posts"}],"about":[{"href":"https:\/\/backgroundnoise.es\/index.php\/wp-json\/wp\/v2\/types\/post"}],"author":[{"embeddable":true,"href":"https:\/\/backgroundnoise.es\/index.php\/wp-json\/wp\/v2\/users\/1"}],"replies":[{"embeddable":true,"href":"https:\/\/backgroundnoise.es\/index.php\/wp-json\/wp\/v2\/comments?post=2092"}],"version-history":[{"count":1,"href":"https:\/\/backgroundnoise.es\/index.php\/wp-json\/wp\/v2\/posts\/2092\/revisions"}],"predecessor-version":[{"id":2095,"href":"https:\/\/backgroundnoise.es\/index.php\/wp-json\/wp\/v2\/posts\/2092\/revisions\/2095"}],"wp:featuredmedia":[{"embeddable":true,"href":"https:\/\/backgroundnoise.es\/index.php\/wp-json\/wp\/v2\/media\/2094"}],"wp:attachment":[{"href":"https:\/\/backgroundnoise.es\/index.php\/wp-json\/wp\/v2\/media?parent=2092"}],"wp:term":[{"taxonomy":"category","embeddable":true,"href":"https:\/\/backgroundnoise.es\/index.php\/wp-json\/wp\/v2\/categories?post=2092"},{"taxonomy":"post_tag","embeddable":true,"href":"https:\/\/backgroundnoise.es\/index.php\/wp-json\/wp\/v2\/tags?post=2092"}],"curies":[{"name":"wp","href":"https:\/\/api.w.org\/{rel}","templated":true}]}}