{"id":2075,"date":"2024-08-29T15:15:45","date_gmt":"2024-08-29T15:15:45","guid":{"rendered":"https:\/\/backgroundnoise.es\/?p=2075"},"modified":"2024-08-29T15:15:45","modified_gmt":"2024-08-29T15:15:45","slug":"ultimos-conciertos-de-la-gira-de-mafalda-unultimogrito","status":"publish","type":"post","link":"https:\/\/backgroundnoise.es\/index.php\/2024\/08\/29\/ultimos-conciertos-de-la-gira-de-mafalda-unultimogrito\/","title":{"rendered":"\u00daltimos conciertos de la gira de MAFALDA #unultimogrito"},"content":{"rendered":"\n<p class=\"has-black-color has-text-color\">Se acerca el oto\u00f1o y los \u00faltimos conciertos de Mafalda antes de su separaci\u00f3n<\/p>\n\n\n\n<p class=\"has-black-color has-text-color\"><br>Anunciaron #unultimogrito a finales del 2023 con un mont\u00f3n de fechas por delante hasta su fin en noviembre de 2024 adem\u00e1s de dos temas nuevos con video clip.<br><\/p>\n\n\n\n<p class=\"has-black-color has-text-color\">Los valencianos han tenido una carrera donde han ido creciendo poco a poco, han tocado en grandes y peque\u00f1os festivales, recorrido salas de todo el pa\u00eds y han cruzado el oc\u00e9ano para llevar su m\u00fasica tambi\u00e9n a Latinoam\u00e9rica.<br>Pero todo se acaba y en el caso de Mafalda tienen las grandes fechas por venir<\/p>\n\n\n\n<p class=\"has-black-color has-text-color\"><br>12\/09\/24 \u2013 Revenidas- Vilaxo\u00e1n de Arousa (Pontevedra)<\/p>\n\n\n\n<p class=\"has-black-color has-text-color\">14\/09\/2024- Muxismo Rock- Miguelturra (Ciudad Real<\/p>\n\n\n\n<p class=\"has-black-color has-text-color\">)27\/09\/24 \u2013 Extremusika \u2013 C\u00e1ceres<br>4\/10\/24 \u2013 Festardor \u2013 Puerto de Sagunto (Valencia)<\/p>\n\n\n\n<p class=\"has-black-color has-text-color\">5\/10\/24- ZarROCKaztelu \u2013 Carcastillo (Navarra)<br>08\/11\/24- Sala But\u2013 Madrid<\/p>\n\n\n\n<p class=\"has-black-color has-text-color\">09\/11\/24 \u2013 Sala But\u2013 Madrid- SOLD OUT!<\/p>\n\n\n\n<p class=\"has-black-color has-text-color\">15\/11\/24 \u2013 Jimmy Jazz \u2013 Gasteiz<\/p>\n\n\n\n<p class=\"has-black-color has-text-color\">16\/11\/24 \u2013 Kafe Antzokia \u2013 Bilbao<\/p>\n\n\n\n<p class=\"has-black-color has-text-color\">20\/11\/24 \u2013 Sala Apolo \u2013 Barcelona<\/p>\n\n\n\n<p class=\"has-black-color has-text-color\">22\/11\/24- Sala Moon \u2013 Valencia<\/p>\n\n\n\n<p class=\"has-black-color has-text-color\">23\/11\/24 \u2013 Sala Moon \u2013 Valencia- SOLD OUT!<br><\/p>\n","protected":false},"excerpt":{"rendered":"<p>Se acerca el oto\u00f1o y los \u00faltimos conciertos de Mafalda antes de su separaci\u00f3n Anunciaron #unultimogrito a finales del 2023 con un mont\u00f3n de fechas por delante hasta su fin en noviembre de 2024 adem\u00e1s de dos temas nuevos con video clip. Los valencianos han tenido una carrera donde han ido creciendo poco a poco, [&hellip;]<\/p>\n","protected":false},"author":1,"featured_media":2076,"comment_status":"open","ping_status":"open","sticky":false,"template":"","format":"standard","meta":[],"categories":[6,3],"tags":[],"_links":{"self":[{"href":"https:\/\/backgroundnoise.es\/index.php\/wp-json\/wp\/v2\/posts\/2075"}],"collection":[{"href":"https:\/\/backgroundnoise.es\/index.php\/wp-json\/wp\/v2\/posts"}],"about":[{"href":"https:\/\/backgroundnoise.es\/index.php\/wp-json\/wp\/v2\/types\/post"}],"author":[{"embeddable":true,"href":"https:\/\/backgroundnoise.es\/index.php\/wp-json\/wp\/v2\/users\/1"}],"replies":[{"embeddable":true,"href":"https:\/\/backgroundnoise.es\/index.php\/wp-json\/wp\/v2\/comments?post=2075"}],"version-history":[{"count":1,"href":"https:\/\/backgroundnoise.es\/index.php\/wp-json\/wp\/v2\/posts\/2075\/revisions"}],"predecessor-version":[{"id":2077,"href":"https:\/\/backgroundnoise.es\/index.php\/wp-json\/wp\/v2\/posts\/2075\/revisions\/2077"}],"wp:featuredmedia":[{"embeddable":true,"href":"https:\/\/backgroundnoise.es\/index.php\/wp-json\/wp\/v2\/media\/2076"}],"wp:attachment":[{"href":"https:\/\/backgroundnoise.es\/index.php\/wp-json\/wp\/v2\/media?parent=2075"}],"wp:term":[{"taxonomy":"category","embeddable":true,"href":"https:\/\/backgroundnoise.es\/index.php\/wp-json\/wp\/v2\/categories?post=2075"},{"taxonomy":"post_tag","embeddable":true,"href":"https:\/\/backgroundnoise.es\/index.php\/wp-json\/wp\/v2\/tags?post=2075"}],"curies":[{"name":"wp","href":"https:\/\/api.w.org\/{rel}","templated":true}]}}