{"id":2053,"date":"2024-07-29T12:00:00","date_gmt":"2024-07-29T12:00:00","guid":{"rendered":"https:\/\/backgroundnoise.es\/?p=2053"},"modified":"2024-07-28T18:18:01","modified_gmt":"2024-07-28T18:18:01","slug":"the-spanish-wave-presenta-a-lxs-tres-artistas-espanoles-que-nos-representaran-en-waves-vienna","status":"publish","type":"post","link":"https:\/\/backgroundnoise.es\/index.php\/2024\/07\/29\/the-spanish-wave-presenta-a-lxs-tres-artistas-espanoles-que-nos-representaran-en-waves-vienna\/","title":{"rendered":"THE SPANISH WAVE PRESENTA A LXS TRES ARTISTAS ESPA\u00d1OLES QUE NOS REPRESENTAR\u00c1N EN WAVES VIENNA"},"content":{"rendered":"\n<p class=\"has-black-color has-text-color\"><a href=\"https:\/\/www.instagram.com\/stories\/the_spanishwave\/\"><strong>&#8211; The Spanish Wave<\/strong><\/a> acudir\u00e1 por segunda vez consecutiva a <a href=\"https:\/\/www.wavesvienna.com\/\"><strong>Waves Vienna<\/strong><\/a>, el festival y conferencia anual de m\u00fasica que cubre toda la regi\u00f3n de Europa central y oriental y celebra su 14 edici\u00f3n.<\/p>\n\n\n\n<p class=\"has-black-color has-text-color\">&#8211; Tras el \u00e9xito logrado el a\u00f1o pasado con The Crab Apples, Airu y Pau Vegas, la ola espa\u00f1ola presenta a <strong>MABITT, MONTESCO Y DEWEL<\/strong> en distintas salas del centro de la capital austr\u00edaca entre el 5 y 7 de septiembre.<\/p>\n\n\n\n<p class=\"has-black-color has-text-color\"><strong>Waves Vienna<\/strong> es uno de los festivales escaparate m\u00e1s grandes e importantes de Europa Central. Es un festival de descubrimiento y ofrece un denso programa de actos locales e internacionales de la m\u00fasica indie, alternativa, electr\u00f3nica, rock, pop, hip hop y de club.<\/p>\n\n\n\n<p class=\"has-black-color has-text-color\"><strong>SHOWCASE &amp; FIESTA<\/strong><\/p>\n\n\n\n<p class=\"has-black-color has-text-color\">Espa\u00f1a presenta en Viena tres artistas de diferentes estilos y procedencia cuya m\u00fasica navega entre la electr\u00f3nica m\u00e1s Avant-Garde, el R&amp;B-Soul y el indie<\/p>\n\n\n\n<p class=\"has-black-color has-text-color\"><a href=\"https:\/\/www.instagram.com\/mabiit_official\/\"><strong>MABIIT<\/strong><\/a>, talentosa artista madrile\u00f1a que refleja en su m\u00fasica su ecl\u00e9ctica fusi\u00f3n de pop, R&amp;B y afrobeats. Loft Main Floor 21:15 &#8211; 22:00<\/p>\n\n\n\n<p class=\"has-black-color has-text-color\"><a href=\"https:\/\/www.instagram.com\/montesco.wav\/\"><strong>MONTESCO<\/strong><\/a><strong>, <\/strong>tr\u00edo femenino barcelon\u00e9s de pop alternativo que oscila entre la electr\u00f3nica y la psicodelia y quien ya particip\u00f3 en The Spanish Wave en \u201cViva Sounds\u201d (Goteburgo). Kramladen 19.45. &#8211; 20:30\u00a0<\/p>\n\n\n\n<p class=\"has-black-color has-text-color\"><a href=\"https:\/\/www.instagram.com\/dewelmusic\/\"><strong>DEWEL<\/strong><\/a><strong>, <\/strong>la contundencia r\u00edtmica de la m\u00fasica electr\u00f3nica de baile m\u00e1s avanzada. El madrile\u00f1o afincado en Londres estar\u00e1 actuando justo despu\u00e9s de la recepci\u00f3n espa\u00f1ola en LOOP Club 19:54 &#8211; 20:30\u00a0<\/p>\n\n\n\n<p>Tambi\u00e9n lxs delegadxs profesionales acreditados en Waves Vienna tendr\u00e1n la oportunidad de acudir a la cl\u00e1sica <strong>fiesta<\/strong> y recepci\u00f3n oficial de The Spanish Wave donde podr\u00e1n conocer personalmente a los artistas y profesionales de nuestro pa\u00eds, que se celebrar\u00e1 el jueves 5 de septiembre en el \u201cdelegates bar\u201d justo despu\u00e9s de la ceremonia oficial de apertura del festival.<\/p>\n","protected":false},"excerpt":{"rendered":"<p>&#8211; The Spanish Wave acudir\u00e1 por segunda vez consecutiva a Waves Vienna, el festival y conferencia anual de m\u00fasica que cubre toda la regi\u00f3n de Europa central y oriental y celebra su 14 edici\u00f3n. &#8211; Tras el \u00e9xito logrado el a\u00f1o pasado con The Crab Apples, Airu y Pau Vegas, la ola espa\u00f1ola presenta a [&hellip;]<\/p>\n","protected":false},"author":1,"featured_media":2054,"comment_status":"open","ping_status":"open","sticky":false,"template":"","format":"standard","meta":[],"categories":[6,3],"tags":[],"_links":{"self":[{"href":"https:\/\/backgroundnoise.es\/index.php\/wp-json\/wp\/v2\/posts\/2053"}],"collection":[{"href":"https:\/\/backgroundnoise.es\/index.php\/wp-json\/wp\/v2\/posts"}],"about":[{"href":"https:\/\/backgroundnoise.es\/index.php\/wp-json\/wp\/v2\/types\/post"}],"author":[{"embeddable":true,"href":"https:\/\/backgroundnoise.es\/index.php\/wp-json\/wp\/v2\/users\/1"}],"replies":[{"embeddable":true,"href":"https:\/\/backgroundnoise.es\/index.php\/wp-json\/wp\/v2\/comments?post=2053"}],"version-history":[{"count":1,"href":"https:\/\/backgroundnoise.es\/index.php\/wp-json\/wp\/v2\/posts\/2053\/revisions"}],"predecessor-version":[{"id":2055,"href":"https:\/\/backgroundnoise.es\/index.php\/wp-json\/wp\/v2\/posts\/2053\/revisions\/2055"}],"wp:featuredmedia":[{"embeddable":true,"href":"https:\/\/backgroundnoise.es\/index.php\/wp-json\/wp\/v2\/media\/2054"}],"wp:attachment":[{"href":"https:\/\/backgroundnoise.es\/index.php\/wp-json\/wp\/v2\/media?parent=2053"}],"wp:term":[{"taxonomy":"category","embeddable":true,"href":"https:\/\/backgroundnoise.es\/index.php\/wp-json\/wp\/v2\/categories?post=2053"},{"taxonomy":"post_tag","embeddable":true,"href":"https:\/\/backgroundnoise.es\/index.php\/wp-json\/wp\/v2\/tags?post=2053"}],"curies":[{"name":"wp","href":"https:\/\/api.w.org\/{rel}","templated":true}]}}