{"id":1916,"date":"2024-04-23T11:00:00","date_gmt":"2024-04-23T11:00:00","guid":{"rendered":"https:\/\/backgroundnoise.es\/?p=1916"},"modified":"2024-04-22T21:02:51","modified_gmt":"2024-04-22T21:02:51","slug":"zeal-ardor-lanzaran-nuevo-album-grief-el-23-de-agosto-escucha-su-nuevo-single-to-my-ilk","status":"publish","type":"post","link":"https:\/\/backgroundnoise.es\/index.php\/2024\/04\/23\/zeal-ardor-lanzaran-nuevo-album-grief-el-23-de-agosto-escucha-su-nuevo-single-to-my-ilk\/","title":{"rendered":"ZEAL &#038; ARDOR lanzar\u00e1n nuevo \u00e1lbum \u00abGrief\u00bb el 23 de agosto. Escucha su nuevo single \u00abto my ilk\u00bb"},"content":{"rendered":"\n<p><a href=\"https:\/\/orcd.co\/tomyilk\">https:\/\/orcd.co\/tomyilk<\/a><\/p>\n\n\n\n<p class=\"has-black-color has-text-color\"><br>Inventiva e iconoclasta, ZEAL &amp; ARDOR no es s\u00f3lo una banda, es una entidad viva y que respira. Como cualquier otro ser siente, consume, evoluciona y se transforma de una temporada a la siguiente. Su forma puede cambiar aunque su esp\u00edritu sigue siendo el mismo. Fundada y dirigida por Manuel Gagneux, a lo largo de los a\u00f1os no ha hecho m\u00e1s que afilar sus garras, alargar sus dientes y endurecer sus nervios, volvi\u00e9ndose m\u00e1s innegable e impredecible en el proceso.<\/p>\n\n\n\n<p class=\"has-black-color has-text-color\"><br>Tras lograr decenas de millones de reproducciones y obtener elogios generalizados de la cr\u00edtica, esta bestia demuestra ser tan din\u00e1mica y peligrosa como siempre en su cuarto \u00e1lbum de larga duraci\u00f3n de producci\u00f3n propia, GREIF, cuyo lanzamiento est\u00e1 previsto para el 23 de agosto de 2024.El t\u00edtulo, GREIF, est\u00e1 inspirado en una tradici\u00f3n anual en la ciudad natal de Manuel, Basilea, Suiza. Una criatura h\u00edbrida m\u00edtica desfila por las calles para los ni\u00f1os en simbolismo de los trabajadores de Basilea que se oponen a la \u00e9lite opresiva del otro lado. Dada la amalgama de energ\u00edas y fisicalidad del animal, el nombre result\u00f3 apropiado. <\/p>\n\n\n\n<p class=\"has-black-color has-text-color\"><em>\u201cEl GREIF es un le\u00f3n, una serpiente y un p\u00e1jaro\u201d, se\u00f1ala. \u201cDurante el desfile, les da la espalda a los arist\u00f3cratas y se la pega al hombre. Refleja donde estamos\u201d<\/em><br><\/p>\n\n\n\n<p class=\"has-black-color has-text-color\">Al comienzo de este nuevo trabajo, el evocador grupo ha elegido mostrar primero el final del \u00e1lbum, compartiendo su triste y po\u00e9tico tema final, \u00aba mi manera\u00bb. Una guitarra de blues suelta serpentea alrededor de fuertes aplausos mientras la voz de Manuel hace eco en el coro. \u201cTiene otro nivel de emoci\u00f3n y sali\u00f3 tal como lo imaginaba\u201d, comenta.<\/p>\n\n\n\n<p class=\"has-black-color has-text-color\"><br>Mira el visualiser de la canci\u00f3n aqu\u00ed. <a href=\"https:\/\/www.youtube.com\/watch?v=m9_HnHPd1ik\">https:\/\/www.youtube.com\/watch?v=m9_HnHPd1ik<\/a><\/p>\n\n\n\n<p class=\"has-black-color has-text-color\"><br>Manuel tuvo la opci\u00f3n de dormirse en los laureles, disfrutando de la aclamaci\u00f3n mundial obtenida por tres \u00e1lbumes anteriores: Devil Is Fine [2017], Stranger Fruit [2018] y Zeal &amp; Ardor [2022], elogiados por NPR, Paste, Brooklyn Vegan, Alternative Press, Kerrang!, Metal Hammer, Metro, The Guardian y muchos otros. Pero en lugar de estancarse, Manuel opt\u00f3 por cambiar las cosas para GREIF. En lugar de volver a volar creativamente en solitario, esta vez dio la bienvenida a sus compa\u00f1eros de banda al estudio. As\u00ed, los m\u00fasicos &#8211; Tiziano Volante [guitarra], Marc Obrist [voz], Denis Wagner [voz], Lukas Kurmann [bajo] y Marco Von Allmen [bater\u00eda] &#8211; extendieron sus alas a su lado.<\/p>\n\n\n\n<p class=\"has-black-color has-text-color\"><br><em>\u201cRealmente hemos evolucionado hasta convertirnos en una banda muy unida\u201d<\/em>, a\u00f1ade Marc. <em>\u201cAntes de Zeal &amp; Ardor, \u00e9ramos b\u00e1sicamente extra\u00f1os, pero ahora somos como una peque\u00f1a familia. Cada miembro aporta su propio sabor \u00fanico a la mezcla y todos intentamos mejorar las canciones de Manuel a nuestra manera. La parte m\u00e1s interesante para m\u00ed fue el nuevo enfoque de c\u00f3mo trabajamos juntos en el estudio\u201d.<\/em><\/p>\n\n\n\n<p class=\"has-black-color has-text-color\"><br>Tras trasladarse al estudio de Marc, Hutch Sounds, en Suiza, el disco cobr\u00f3 vida en s\u00f3lo cinco meses. El l\u00edder aprovech\u00f3 con entusiasmo el talento de sus compa\u00f1eros, presentando tres voces por primera vez y envalentonando el sonido desde todos los \u00e1ngulos.<\/p>\n\n\n\n<p class=\"has-black-color has-text-color\"><br><em>\u00abQuer\u00eda ampliar lo que ten\u00edamos e introducir nuevos colores\u00bb, contin\u00faa Manuel. \u201cHay momentos de ira y discusi\u00f3n, pero tambi\u00e9n hay algo de consuelo y felicidad. Estoy ampliando la paleta de colores que tenemos para pintar. \u00c9stas son v\u00edas que no hemos probado\u201d.<\/em><\/p>\n\n\n\n<p class=\"has-black-color has-text-color\"><br>GREIF estar\u00e1 disponible en CD, vinilo transparente y en formato digital. Las pre-orders empiezan el Viernes 26 de Abril en <a href=\"https:\/\/www.zealandardor.com\">https:\/\/www.zealandardor.com<\/a>\/.<\/p>\n\n\n\n<p class=\"has-black-color has-text-color\"><br><em>\u201cInvitamos a nuestros seguidores a escuchar el espectro completo de los diferentes lados y sonidos que componen Zeal &amp; Ardor\u201d, comenta Tiziano. \u201cHay algunos momentos magn\u00edficos, pero tiene mucha intensidad y encanto. En la composici\u00f3n de Manuel y el proceso con cada componente, hay una cierta intencionalidad, as\u00ed como un elemento aleatorio y accidental. Estamos ansiosos por ver las reacciones de la gente\u201d.<\/em><\/p>\n\n\n\n<p class=\"has-black-color has-text-color\"><br>ZEAL &amp; ARDOR est\u00e1n preparando para una extensa gira, que incluye fechas en grandes ciudades, actuaciones en festivales y varios espect\u00e1culos como invitados especiales junto al grupo de folk experimental HEILUNG. Regresan a Reino Unido para un espect\u00e1culo principal en el O2 Shepherd&#8217;s Bush Empire de Londres el 22 de septiembre de 2024. Las entradas ya est\u00e1n a la venta para todas las fechas excepto para los espect\u00e1culos principales en Londres, Copenhague, Linz y Mil\u00e1n, que saldr\u00e1n a la venta este viernes 26 de abril. Para comprar tu entrada pincha en el link <a href=\"http:\/\/www.zealandardor.com\">www.zealandardor.com<\/a>.<\/p>\n\n\n\n<p class=\"has-black-color has-text-color\"><br>En enero de 2024, ZEAL &amp; ARDOR estren\u00f3 Play With The Devil, un documental de Olivier Joliat y Matthias Willi. El documental narra \u00edntimamente el viaje de Manuel Gagneux desde el inicio de ZEAL &amp; ARDOR a trav\u00e9s de giras iniciales y un per\u00edodo de crisis de examen de conciencia. La audaz mezcla de Black Metal con viejas canciones de trabajo y gritos de campo de los esclavizados (su respuesta a una provocaci\u00f3n racista en Internet) es pol\u00edticamente explosiva. Como persona de color en el metal, Gagneux y su m\u00fasica han arrojado luz sobre la religi\u00f3n, el racismo, la segregaci\u00f3n y la apropiaci\u00f3n cultural. Sin embargo, el repentino aumento de la aclamaci\u00f3n y el peso de ser aclamado como un l\u00edder visionario por los fans amenazaron con abrumar al artista introvertido y de voz suave. Play With The Devil ya est\u00e1 disponible para ver en las principales plataformas. M\u00e1s informaci\u00f3n: <a href=\"http:\/\/playwiththedevil.ch\/en\/stream-now\/.\">playwiththedevil.ch\/en\/stream-now\/.<\/a><br><\/p>\n\n\n\n<figure class=\"wp-block-embed is-type-video is-provider-youtube wp-block-embed-youtube wp-embed-aspect-16-9 wp-has-aspect-ratio\"><div class=\"wp-block-embed__wrapper\">\n<iframe loading=\"lazy\" title=\"ZEAL &amp; ARDOR - to my ilk\" width=\"640\" height=\"360\" src=\"https:\/\/www.youtube.com\/embed\/m9_HnHPd1ik?feature=oembed\" frameborder=\"0\" allow=\"accelerometer; autoplay; clipboard-write; encrypted-media; gyroscope; picture-in-picture; web-share\" referrerpolicy=\"strict-origin-when-cross-origin\" allowfullscreen><\/iframe>\n<\/div><\/figure>\n\n\n\n<p><\/p>\n","protected":false},"excerpt":{"rendered":"<p>https:\/\/orcd.co\/tomyilk Inventiva e iconoclasta, ZEAL &amp; ARDOR no es s\u00f3lo una banda, es una entidad viva y que respira. Como cualquier otro ser siente, consume, evoluciona y se transforma de una temporada a la siguiente. Su forma puede cambiar aunque su esp\u00edritu sigue siendo el mismo. Fundada y dirigida por Manuel Gagneux, a lo largo [&hellip;]<\/p>\n","protected":false},"author":1,"featured_media":1917,"comment_status":"open","ping_status":"open","sticky":false,"template":"","format":"standard","meta":[],"categories":[6,5,3,7],"tags":[],"_links":{"self":[{"href":"https:\/\/backgroundnoise.es\/index.php\/wp-json\/wp\/v2\/posts\/1916"}],"collection":[{"href":"https:\/\/backgroundnoise.es\/index.php\/wp-json\/wp\/v2\/posts"}],"about":[{"href":"https:\/\/backgroundnoise.es\/index.php\/wp-json\/wp\/v2\/types\/post"}],"author":[{"embeddable":true,"href":"https:\/\/backgroundnoise.es\/index.php\/wp-json\/wp\/v2\/users\/1"}],"replies":[{"embeddable":true,"href":"https:\/\/backgroundnoise.es\/index.php\/wp-json\/wp\/v2\/comments?post=1916"}],"version-history":[{"count":1,"href":"https:\/\/backgroundnoise.es\/index.php\/wp-json\/wp\/v2\/posts\/1916\/revisions"}],"predecessor-version":[{"id":1918,"href":"https:\/\/backgroundnoise.es\/index.php\/wp-json\/wp\/v2\/posts\/1916\/revisions\/1918"}],"wp:featuredmedia":[{"embeddable":true,"href":"https:\/\/backgroundnoise.es\/index.php\/wp-json\/wp\/v2\/media\/1917"}],"wp:attachment":[{"href":"https:\/\/backgroundnoise.es\/index.php\/wp-json\/wp\/v2\/media?parent=1916"}],"wp:term":[{"taxonomy":"category","embeddable":true,"href":"https:\/\/backgroundnoise.es\/index.php\/wp-json\/wp\/v2\/categories?post=1916"},{"taxonomy":"post_tag","embeddable":true,"href":"https:\/\/backgroundnoise.es\/index.php\/wp-json\/wp\/v2\/tags?post=1916"}],"curies":[{"name":"wp","href":"https:\/\/api.w.org\/{rel}","templated":true}]}}