{"id":1858,"date":"2024-04-02T16:22:58","date_gmt":"2024-04-02T16:22:58","guid":{"rendered":"https:\/\/backgroundnoise.es\/?p=1858"},"modified":"2024-04-02T16:22:58","modified_gmt":"2024-04-02T16:22:58","slug":"rozalen-se-suma-a-la-lista-de-invitados-de-los-conciertos-de-celtas-cortos-en-madrid","status":"publish","type":"post","link":"https:\/\/backgroundnoise.es\/index.php\/2024\/04\/02\/rozalen-se-suma-a-la-lista-de-invitados-de-los-conciertos-de-celtas-cortos-en-madrid\/","title":{"rendered":"Rozal\u00e9n se suma a la lista de invitados de los conciertos de CELTAS CORTOS en Madrid"},"content":{"rendered":"\n<p class=\"has-black-color has-text-color\">Celtas Cortos suman a Rozal\u00e9n a sus invitados en sus conciertos en Madrid<\/p>\n\n\n\n<p class=\"has-black-color has-text-color\">Entradas para 19 de abril en Madrid<\/p>\n\n\n\n<p class=\"has-black-color has-text-color\">Comienzo gira 6 de abril<br>PALACIO VISTALEGRE  <\/p>\n\n\n\n<p class=\"has-black-color has-text-color\">VIERNES 19 DE ABRIL- Entradas: <a href=\"https:\/\/www.ticketmaster.es\/event\/celtas-cortos-y-amigos-entradas\/38415\">https:\/\/www.ticketmaster.es\/event\/celtas-cortos-y-amigos-entradas\/38415<\/a><br>S\u00c1BADO 20 DE ABRIL- SOLD OUT<\/p>\n\n\n\n<p class=\"has-black-color has-text-color\"><br>Celtas Cortos volver\u00e1n a Madrid en dos fechas muy especiales coincidiendo el 20 de abril, una de sus canciones legendarias.<br><\/p>\n\n\n\n<p class=\"has-black-color has-text-color\">La banda de rock con influencias celtas cumple tambi\u00e9n 40 a\u00f1os, ya que se fund\u00f3 en 1984 y en su carrera han vendido m\u00e1s de 2 millones de copias de sus discos, lo que les convierte en uno de los grupos espa\u00f1oles con m\u00e1s \u00e9xito comercial de todos los tiempos.<\/p>\n\n\n\n<p class=\"has-black-color has-text-color\"><br>Aunque con m\u00e1s conciertos durante el a\u00f1o, la banda vuelve a Madrid en este 2024 para un concierto muy especial en el que se est\u00e1n rodeando de grandes artistas que no quieren perderse este evento.<br><\/p>\n\n\n\n<p class=\"has-black-color has-text-color\">ROZAL\u00c9N se une a la lista de ilustres ya anunciados, MIGUEL R\u00cdOS, EL SEVILLA, PABLO S\u00c1NCHEZ (LA RA\u00cdZ), FITO CABRALES, KUTXI ROMERO, NACH, MIKEL IZAL, FET\u00c9N FET\u00c9N, JAVIER RUIBAL y TANXUGUEIRAS, adem\u00e1s de a LA REGADERA y DA IGUAL como bandas invitadas.<\/p>\n\n\n\n<p class=\"has-black-color has-text-color\"><br>Estos son sus pr\u00f3ximos conciertos. Pronto anunciaremos nuevas fechas:<\/p>\n\n\n\n<p class=\"has-black-color has-text-color\">6 de abril. Padr\u00f3n (A Coru\u00f1a)<\/p>\n\n\n\n<p class=\"has-black-color has-text-color\">13 de abril. Zaragoza<\/p>\n\n\n\n<p class=\"has-black-color has-text-color\">19 de abril. Madrid<\/p>\n\n\n\n<p class=\"has-black-color has-text-color\">20 de abril. Madrid- SOLD OUT<\/p>\n\n\n\n<p class=\"has-black-color has-text-color\">27 de abril. Barcelona<\/p>\n\n\n\n<p class=\"has-black-color has-text-color\">1 de junio. Valencia<\/p>\n\n\n\n<p class=\"has-black-color has-text-color\">23 de junio. Villarcayo (Burgos)<\/p>\n\n\n\n<p class=\"has-black-color has-text-color\">6 de julio. Es Castell (Menorca)<\/p>\n\n\n\n<p class=\"has-black-color has-text-color\">14 de julio. Zarat\u00e1n (Valladolid)<\/p>\n\n\n\n<p class=\"has-black-color has-text-color\">3 de agosto. San Juan de Alicante<\/p>\n\n\n\n<p class=\"has-black-color has-text-color\">7 de agosto. Salobre\u00f1a (Granada)<\/p>\n\n\n\n<p class=\"has-black-color has-text-color\">9 de agosto. Arucas (Gran Canaria)<\/p>\n\n\n\n<p class=\"has-black-color has-text-color\">10 de agosto. Montefr\u00edo (Granada)<\/p>\n\n\n\n<p class=\"has-black-color has-text-color\">17 de agosto. Tarazona de la Mancha (Albacete)<\/p>\n\n\n\n<p class=\"has-black-color has-text-color\">13 de septiembre. Vigo (Pontevedra)<\/p>\n\n\n\n<p class=\"has-black-color has-text-color\"><br>\u00abFui Las Nubes\u00bb es su \u00faltimo lanzamiento<br><\/p>\n\n\n\n<figure class=\"wp-block-embed is-type-video is-provider-youtube wp-block-embed-youtube wp-embed-aspect-16-9 wp-has-aspect-ratio\"><div class=\"wp-block-embed__wrapper\">\n<iframe loading=\"lazy\" title=\"Celtas Cortos - Fui las Nubes (Videoclip Oficial)\" width=\"640\" height=\"360\" src=\"https:\/\/www.youtube.com\/embed\/lvnIzllLgLQ?feature=oembed\" frameborder=\"0\" allow=\"accelerometer; autoplay; clipboard-write; encrypted-media; gyroscope; picture-in-picture; web-share\" referrerpolicy=\"strict-origin-when-cross-origin\" allowfullscreen><\/iframe>\n<\/div><\/figure>\n","protected":false},"excerpt":{"rendered":"<p>Celtas Cortos suman a Rozal\u00e9n a sus invitados en sus conciertos en Madrid Entradas para 19 de abril en Madrid Comienzo gira 6 de abrilPALACIO VISTALEGRE VIERNES 19 DE ABRIL- Entradas: https:\/\/www.ticketmaster.es\/event\/celtas-cortos-y-amigos-entradas\/38415S\u00c1BADO 20 DE ABRIL- SOLD OUT Celtas Cortos volver\u00e1n a Madrid en dos fechas muy especiales coincidiendo el 20 de abril, una de sus [&hellip;]<\/p>\n","protected":false},"author":1,"featured_media":1859,"comment_status":"open","ping_status":"open","sticky":false,"template":"","format":"standard","meta":[],"categories":[6,3],"tags":[],"_links":{"self":[{"href":"https:\/\/backgroundnoise.es\/index.php\/wp-json\/wp\/v2\/posts\/1858"}],"collection":[{"href":"https:\/\/backgroundnoise.es\/index.php\/wp-json\/wp\/v2\/posts"}],"about":[{"href":"https:\/\/backgroundnoise.es\/index.php\/wp-json\/wp\/v2\/types\/post"}],"author":[{"embeddable":true,"href":"https:\/\/backgroundnoise.es\/index.php\/wp-json\/wp\/v2\/users\/1"}],"replies":[{"embeddable":true,"href":"https:\/\/backgroundnoise.es\/index.php\/wp-json\/wp\/v2\/comments?post=1858"}],"version-history":[{"count":1,"href":"https:\/\/backgroundnoise.es\/index.php\/wp-json\/wp\/v2\/posts\/1858\/revisions"}],"predecessor-version":[{"id":1860,"href":"https:\/\/backgroundnoise.es\/index.php\/wp-json\/wp\/v2\/posts\/1858\/revisions\/1860"}],"wp:featuredmedia":[{"embeddable":true,"href":"https:\/\/backgroundnoise.es\/index.php\/wp-json\/wp\/v2\/media\/1859"}],"wp:attachment":[{"href":"https:\/\/backgroundnoise.es\/index.php\/wp-json\/wp\/v2\/media?parent=1858"}],"wp:term":[{"taxonomy":"category","embeddable":true,"href":"https:\/\/backgroundnoise.es\/index.php\/wp-json\/wp\/v2\/categories?post=1858"},{"taxonomy":"post_tag","embeddable":true,"href":"https:\/\/backgroundnoise.es\/index.php\/wp-json\/wp\/v2\/tags?post=1858"}],"curies":[{"name":"wp","href":"https:\/\/api.w.org\/{rel}","templated":true}]}}