{"id":1566,"date":"2023-12-13T15:48:11","date_gmt":"2023-12-13T15:48:11","guid":{"rendered":"https:\/\/backgroundnoise.es\/?p=1566"},"modified":"2023-12-13T15:48:11","modified_gmt":"2023-12-13T15:48:11","slug":"la-regadera-agotan-las-entradas-de-su-concierto-de-fin-de-gira-el-23-de-diciembre","status":"publish","type":"post","link":"https:\/\/backgroundnoise.es\/index.php\/2023\/12\/13\/la-regadera-agotan-las-entradas-de-su-concierto-de-fin-de-gira-el-23-de-diciembre\/","title":{"rendered":"LA REGADERA agotan las entradas de su concierto de fin de gira el 23 de diciembre"},"content":{"rendered":"\n<p class=\"has-black-color has-text-color\">Ha sido un a\u00f1o largo con muchas emociones y conciertos tanto en la pen\u00ednsula, Canarias como Europa.<\/p>\n\n\n\n<p class=\"has-black-color has-text-color\">El 23 de diciembre finalizan el tour de <a href=\"https:\/\/www.facebook.com\/hashtag\/nopiensoluegoexisto?__eep__=6&amp;__cft__[0]=AZV29xq-FHdmhMukePYKW3Thxi9EQkHbvJ_uO8S4hM4rfkIGbz_vWDAoiIxLGJ8felgtGgK5SwsTMhEhVH3LhtyAiXZmRD7SfYKVIkggYox_jkJI5kiD9xKFEnnMDc6hfGtoZj007E2XTESJngUTNWdyjruU831bt9C1as7W7HsOvrqnpk7hc0WdxmiTvRQKz3g&amp;__tn__=*NK-R\">#nopiensoluegoexisto<\/a>, con las entradas ya agotadas y varios amigos que les acompa\u00f1ar\u00e1n como invitados especiales esa noche en la <a href=\"https:\/\/www.facebook.com\/hashtag\/fabricadetornillos?__eep__=6&amp;__cft__[0]=AZV29xq-FHdmhMukePYKW3Thxi9EQkHbvJ_uO8S4hM4rfkIGbz_vWDAoiIxLGJ8felgtGgK5SwsTMhEhVH3LhtyAiXZmRD7SfYKVIkggYox_jkJI5kiD9xKFEnnMDc6hfGtoZj007E2XTESJngUTNWdyjruU831bt9C1as7W7HsOvrqnpk7hc0WdxmiTvRQKz3g&amp;__tn__=*NK-R\">#fabricadetornillos<\/a> de Miranda de Ebro.<\/p>\n\n\n\n<p class=\"has-black-color has-text-color\">La gran <a rel=\"noreferrer noopener\" href=\"https:\/\/l.facebook.com\/l.php?u=https%3A%2F%2Fwww.instagram.com%2F_u%2Fviki_lafuente%3Ffbclid%3DIwAR04jkj2WPy_j3L5hOXli_F7fAKgsn3EBmcYc9dEUVBV1hfLK4vABfTgvUc&amp;h=AT37URuAGZi2ArQiDoj6O1kdtGejQ41nzJaQ2JLWDEAwgVr_1CcdWDszaREgo1LhGi_ej2WjsINs3nelMmBTp9npMBdpyLdLYotse2tDMs58Q0NhFSbSRcBlcmFqpAXTgA&amp;__tn__=-UK-R&amp;c[0]=AT3R9-w2945cQfIuPw2izo39te2hyUxNCXcu0eZr467EZGM9tz8O-2oQyeLvOtbKRumqZNgxfyVkWOOUhR24gJ3dTRK1lifjUjhaFJ-WLO1Zll_J3PdW-J-13NAspeUbBOSXf1iIWxGIO4intCreTTOOBe6lUSSNcy7_1mtI4cIBcPAlxez1QyiEyTZX7KaL3qXorw_SmToZ\" target=\"_blank\">Viki Lafuente<\/a>, Gorka Artigue, antiguo compa\u00f1ero de batallas, Javier Peli el que fue su primer viento madera y el m\u00edtico Tonin Miranda DJ , ser\u00e1n los que den un brillo especial a una velada perfecta.<\/p>\n","protected":false},"excerpt":{"rendered":"<p>Ha sido un a\u00f1o largo con muchas emociones y conciertos tanto en la pen\u00ednsula, Canarias como Europa. El 23 de diciembre finalizan el tour de #nopiensoluegoexisto, con las entradas ya agotadas y varios amigos que les acompa\u00f1ar\u00e1n como invitados especiales esa noche en la #fabricadetornillos de Miranda de Ebro. La gran Viki Lafuente, Gorka Artigue, [&hellip;]<\/p>\n","protected":false},"author":1,"featured_media":1567,"comment_status":"open","ping_status":"open","sticky":false,"template":"","format":"standard","meta":[],"categories":[6,3],"tags":[],"_links":{"self":[{"href":"https:\/\/backgroundnoise.es\/index.php\/wp-json\/wp\/v2\/posts\/1566"}],"collection":[{"href":"https:\/\/backgroundnoise.es\/index.php\/wp-json\/wp\/v2\/posts"}],"about":[{"href":"https:\/\/backgroundnoise.es\/index.php\/wp-json\/wp\/v2\/types\/post"}],"author":[{"embeddable":true,"href":"https:\/\/backgroundnoise.es\/index.php\/wp-json\/wp\/v2\/users\/1"}],"replies":[{"embeddable":true,"href":"https:\/\/backgroundnoise.es\/index.php\/wp-json\/wp\/v2\/comments?post=1566"}],"version-history":[{"count":1,"href":"https:\/\/backgroundnoise.es\/index.php\/wp-json\/wp\/v2\/posts\/1566\/revisions"}],"predecessor-version":[{"id":1568,"href":"https:\/\/backgroundnoise.es\/index.php\/wp-json\/wp\/v2\/posts\/1566\/revisions\/1568"}],"wp:featuredmedia":[{"embeddable":true,"href":"https:\/\/backgroundnoise.es\/index.php\/wp-json\/wp\/v2\/media\/1567"}],"wp:attachment":[{"href":"https:\/\/backgroundnoise.es\/index.php\/wp-json\/wp\/v2\/media?parent=1566"}],"wp:term":[{"taxonomy":"category","embeddable":true,"href":"https:\/\/backgroundnoise.es\/index.php\/wp-json\/wp\/v2\/categories?post=1566"},{"taxonomy":"post_tag","embeddable":true,"href":"https:\/\/backgroundnoise.es\/index.php\/wp-json\/wp\/v2\/tags?post=1566"}],"curies":[{"name":"wp","href":"https:\/\/api.w.org\/{rel}","templated":true}]}}