{"id":1424,"date":"2023-10-05T10:11:07","date_gmt":"2023-10-05T10:11:07","guid":{"rendered":"https:\/\/backgroundnoise.es\/?p=1424"},"modified":"2023-10-05T10:11:07","modified_gmt":"2023-10-05T10:11:07","slug":"el-segundo-disco-de-ketekalles-la-banda-de-mujeres-afincadas-en-barcelona-ve-hoy-la-luz-en-formato-fisico-y-digital-y-lleva-como-titulo-antiheroina","status":"publish","type":"post","link":"https:\/\/backgroundnoise.es\/index.php\/2023\/10\/05\/el-segundo-disco-de-ketekalles-la-banda-de-mujeres-afincadas-en-barcelona-ve-hoy-la-luz-en-formato-fisico-y-digital-y-lleva-como-titulo-antiheroina\/","title":{"rendered":"El segundo disco de Ketekalles, la banda de mujeres afincadas en Barcelona ve hoy la luz en formato f\u00edsico y digital y lleva como t\u00edtulo \u00abAntihero\u00edna\u00bb."},"content":{"rendered":"\n<p class=\"has-black-color has-text-color\"><br>Sus canciones abordan temas como la migraci\u00f3n, el machismo, las infancias, el capitalismo y el impacto que esto tiene en la vida de las mujeres y las disidencias ofreciendo un punto de vista diferente marcado por las ra\u00edces de la banda.<br>La antihero\u00edna es una vividora que no se rinde\ud83d\udcaa. Trae \ud83c\udfb6m\u00fasica de muchos lugares. Con sus melod\u00edas logra tocar al coraz\u00f3n, volver a su centro y llegar hasta su herida\ud83d\udc94. A veces se envenena de ella, pero siempre logra salir porque es una superviviente, sabe que solo necesita confiar y continuar en el intento. No renuncia hasta que un d\u00eda lo logra, se enciende\ud83d\udd25 y comienza a flotar\ud83c\udfc4. Desde su vuelo nos mira directamente a los ojos y nos recuerda c\u00f3mo hacer el pacto con nosotras mismas para amarnos y respetarnos: la valent\u00eda la obtenemos cuando nos vulneramos, cuando logramos mirar los ojos de nuestros deseos, ponerlos sobre la mesa y honrarlos para ser libres\ud83d\udd4a\ufe0f.Antihero\u00edna no es un ser extra\u00f1o.Antihero\u00edna somos todas\ud83e\udec2.<\/p>\n\n\n\n<p class=\"has-black-color has-text-color\"><br>El 26 de octubre comienzan la gira de este segundo trabajo que las llevar\u00e1 a recorrer gran parte de la pen\u00ednsula, Europa y Latinoam\u00e9rica.<br><\/p>\n\n\n\n<p class=\"has-black-color has-text-color\">Estas son las primeras fechas confirmadas<\/p>\n\n\n\n<p class=\"has-black-color has-text-color\">Jueves 26 Octubre Sala Fundici\u00f3n ( Logro\u00f1o) <\/p>\n\n\n\n<p class=\"has-black-color has-text-color\">Viernes 27 Octubre Sala Dabada (Donosti) <\/p>\n\n\n\n<p class=\"has-black-color has-text-color\">S\u00e1bado 28 Octubre AC Octubre ( Torrelavega) <\/p>\n\n\n\n<p class=\"has-black-color has-text-color\">Martes 31 Octubre Fires de Girona 2023 Girona<br>S\u00e1bado 4 de Noviembre Baba Yaga Festival Innsbruck ( Austria) <\/p>\n\n\n\n<p class=\"has-black-color has-text-color\">Jueves 9 Noviembre Sala Marte (M\u00e1laga) <\/p>\n\n\n\n<p class=\"has-black-color has-text-color\">Viernes 10 Noviembre Sala El Tren (Granada) <\/p>\n\n\n\n<p class=\"has-black-color has-text-color\">S\u00e1bado 11 Noviembre Sala Malandar (Sevilla)<\/p>\n\n\n\n<p class=\"has-black-color has-text-color\">Viernes 17 Noviembre Sala Mon (Madrid) <\/p>\n\n\n\n<p class=\"has-black-color has-text-color\">S\u00e1bado 18 Noviembre La Casa Del Loco (Zaragoza)<br>Viernes 1 Diciembre Sala Ag\u00fcere (Tenerife)<\/p>\n\n\n\n<p class=\"has-black-color has-text-color\">S\u00e1bado 2 Diciembre F\u00e1brica La Isleta (Gran Canaria)<\/p>\n\n\n\n<p class=\"has-black-color has-text-color\">Viernes 15 Diciembre Sala Tal ( Castell\u00f3n) <\/p>\n\n\n\n<p class=\"has-black-color has-text-color\">S\u00e1bado 16 Diciembre Sala Red Star (Valls, tarragona)<br>Viernes 2 Febrero Sala Marea (Alicante) <\/p>\n\n\n\n<p class=\"has-black-color has-text-color\">S\u00e1bado 3 Febrero Sala Republica (Valencia) <\/p>\n\n\n\n<p class=\"has-black-color has-text-color\">Viernes 16 Febrero Sala Porta Caeli (Valladolid) <\/p>\n\n\n\n<p class=\"has-black-color has-text-color\">S\u00e1bado 17 Febrero Rouge (Vigo)<\/p>\n\n\n\n<p class=\"has-black-color has-text-color\">Domingo 18 Febrero Sala Malatesta (Santiago de Compostela)<br>Marzo-Abril Argentina, Chile, Uruguay<br>S\u00e1bado 27 Abril Sala Apolo (Barcelona)<br>Viernes 3 Mayo Kafe Antzokia (Bilbao)<\/p>\n\n\n\n<p class=\"has-black-color has-text-color\">S\u00e1bado 4 Mayo Jimmy Jazz ( Vitoria)<\/p>\n\n\n\n<p class=\"has-black-color has-text-color\">Viernes 24 Mayo Garage Beat (Murcia)<br>M\u00e1s fechas por anunciar<\/p>\n\n\n\n<p class=\"has-black-color has-text-color\">Entradas: linktr.ee\/ketekalles<br><\/p>\n\n\n\n<figure class=\"wp-block-image size-large\"><img loading=\"lazy\" width=\"626\" height=\"785\" src=\"http:\/\/backgroundnoise.es\/wp-content\/uploads\/2023\/09\/Cartel-gira-28-sept-2023.jpg\" alt=\"\" class=\"wp-image-1395\" srcset=\"https:\/\/backgroundnoise.es\/wp-content\/uploads\/2023\/09\/Cartel-gira-28-sept-2023.jpg 626w, https:\/\/backgroundnoise.es\/wp-content\/uploads\/2023\/09\/Cartel-gira-28-sept-2023-239x300.jpg 239w\" sizes=\"(max-width: 626px) 100vw, 626px\" \/><\/figure>\n","protected":false},"excerpt":{"rendered":"<p>Sus canciones abordan temas como la migraci\u00f3n, el machismo, las infancias, el capitalismo y el impacto que esto tiene en la vida de las mujeres y las disidencias ofreciendo un punto de vista diferente marcado por las ra\u00edces de la banda.La antihero\u00edna es una vividora que no se rinde\ud83d\udcaa. Trae \ud83c\udfb6m\u00fasica de muchos lugares. Con [&hellip;]<\/p>\n","protected":false},"author":1,"featured_media":1379,"comment_status":"open","ping_status":"open","sticky":false,"template":"","format":"standard","meta":[],"categories":[6,5,3],"tags":[],"_links":{"self":[{"href":"https:\/\/backgroundnoise.es\/index.php\/wp-json\/wp\/v2\/posts\/1424"}],"collection":[{"href":"https:\/\/backgroundnoise.es\/index.php\/wp-json\/wp\/v2\/posts"}],"about":[{"href":"https:\/\/backgroundnoise.es\/index.php\/wp-json\/wp\/v2\/types\/post"}],"author":[{"embeddable":true,"href":"https:\/\/backgroundnoise.es\/index.php\/wp-json\/wp\/v2\/users\/1"}],"replies":[{"embeddable":true,"href":"https:\/\/backgroundnoise.es\/index.php\/wp-json\/wp\/v2\/comments?post=1424"}],"version-history":[{"count":1,"href":"https:\/\/backgroundnoise.es\/index.php\/wp-json\/wp\/v2\/posts\/1424\/revisions"}],"predecessor-version":[{"id":1425,"href":"https:\/\/backgroundnoise.es\/index.php\/wp-json\/wp\/v2\/posts\/1424\/revisions\/1425"}],"wp:featuredmedia":[{"embeddable":true,"href":"https:\/\/backgroundnoise.es\/index.php\/wp-json\/wp\/v2\/media\/1379"}],"wp:attachment":[{"href":"https:\/\/backgroundnoise.es\/index.php\/wp-json\/wp\/v2\/media?parent=1424"}],"wp:term":[{"taxonomy":"category","embeddable":true,"href":"https:\/\/backgroundnoise.es\/index.php\/wp-json\/wp\/v2\/categories?post=1424"},{"taxonomy":"post_tag","embeddable":true,"href":"https:\/\/backgroundnoise.es\/index.php\/wp-json\/wp\/v2\/tags?post=1424"}],"curies":[{"name":"wp","href":"https:\/\/api.w.org\/{rel}","templated":true}]}}