{"id":1407,"date":"2023-09-29T11:11:10","date_gmt":"2023-09-29T11:11:10","guid":{"rendered":"https:\/\/backgroundnoise.es\/?p=1407"},"modified":"2023-09-29T11:11:10","modified_gmt":"2023-09-29T11:11:10","slug":"perarnau-iv-publica-su-nuevo-ep-parches","status":"publish","type":"post","link":"https:\/\/backgroundnoise.es\/index.php\/2023\/09\/29\/perarnau-iv-publica-su-nuevo-ep-parches\/","title":{"rendered":"PERARNAU IV PUBLICA SU NUEVO EP \u00abPARCHES\u00bb"},"content":{"rendered":"\n<p class=\"has-black-color has-text-color\">Una de las acepciones que la RAE recoge del concepto vida es el tiempo que transcurre desde el nacimiento de un ser hasta su muerte o hasta el presente. Y tiene gracia porque incluso ese presente que se incluye en esta definici\u00f3n no deja de morir todo el tiempo y es ese final, absolutamente desconocido para toda la humanidad, a lo que cada persona est\u00e1 destinada sin excepci\u00f3n.<\/p>\n\n\n\n<p class=\"has-black-color has-text-color\">Esto es precisamente de lo que trata \u201cPARCHES\u201d, \u00faltimo EP de PERARNAU IV. En este nuevo cap\u00edtulo compuesto por tres canciones, el productor nos cuenta qu\u00e9 hace para evadirse de ese final. Le da la vuelta a la verdad irrefutable y terror\u00edfica del paso del tiempo invirti\u00e9ndolo en algo que le permite evadirse de esa idea y sanar. \u201cSon tres canciones que hice para cuidarme y darme amor, una decisi\u00f3n totalmente consciente. Pienso que emplear mi tiempo en hacer m\u00fasica es de las cosas que m\u00e1s bien me hacen. Cada una de las canciones de este EP est\u00e1 compuesta a partir de peque\u00f1os parches de vida, peque\u00f1os trozos que el fantasma ha recopilado en series, en noches de verano, en improvisaciones al moog\u2026 peque\u00f1as tiritas de vida para no pensar mucho en la muerte\u201d.<\/p>\n\n\n\n<p class=\"has-black-color has-text-color\">Con \u201cPARCHES\u201d, el productor, DJ y compositor Mart\u00ed Perarnau IV hace crecer este nuevo proyecto de m\u00fasica electr\u00f3nica que arranc\u00f3 a finales de 2022 y que contiene temas techno, <\/p>\n\n\n\n<p class=\"has-black-color has-text-color\">badass o IDM como \u00abCalima\u00bb o \u00abThe Maze\u00bb. Adem\u00e1s del plano digital, en su versi\u00f3n live PERARNAU IV produce sesiones de electr\u00f3nica en vivo en donde la improvisaci\u00f3n y las m\u00e1quinas le llevan a lugares inesperados, siempre al borde del precipicio. Entre sus referencias se encuentran artistas como Blawan, Surgeon, Dvs1, Aphex Twin o Autechre.<\/p>\n\n\n\n<p class=\"has-black-color has-text-color\"><br>Escucha Parches- <a href=\"https:\/\/links.altafonte.com\/am8j9z9\">https:\/\/links.altafonte.com\/am8j9z9<\/a><\/p>\n\n\n\n<p class=\"has-black-color has-text-color\">El s\u00e1bado 30 de septiembre estar\u00e1 haciendo un live en El S\u00f3tano en Madrid acompa\u00f1ado de <a href=\"https:\/\/www.instagram.com\/_u\/todoesdrama?fbclid=IwAR1x8b47AAafDTHuq2oVqasmTJtV23jlFPmQmpN3KDsl_AFwyPrAns2F_u0\" rel=\"noreferrer noopener\" target=\"_blank\">@todoesdrama<\/a> que se encargar\u00e1 de los visuales.<\/p>\n\n\n\n<p class=\"has-black-color has-text-color\">\u00abParches\u00bb lo compuso en una semana, todo un ejemplo de velocidad musical, un EP que se basa en el irremediable paso del tiempo y c\u00f3mo todo lo que hacemos para afrontarlo es ir poni\u00e9ndonos parches, tiritas y en un arrebato de originalidad lo llam\u00f3 \u00abParches\u00bb.<\/p>\n\n\n\n<p class=\"has-black-color has-text-color\">Si quieres acudir a este show, date prisa que las entradas est\u00e1n volando<\/p>\n\n\n\n<p><a rel=\"noreferrer noopener\" href=\"https:\/\/l.facebook.com\/l.php?u=http%3A%2F%2Flinktr.ee%2Fperarnauiv%3Ffbclid%3DIwAR3vcXhkx0RsEga3wY8oOIv7SqbYk7BjLP5bFzMsb3dV3r0-3SqChwXQ0Gg&amp;h=AT2mHURp5y_anDb9nijqk0CG1X55DrGc74cSVCer0jfA6lceJcnNfRyv65MXqnusKzl84ZjoDd_vFWwOm405_wRA4RzObfCvHHCpQnMSXXXMGCT3uCE5ooD3zMIkETFFBw&amp;__tn__=-UK-R&amp;c[0]=AT1PwSw7Myust5EfaPNVQ4bi9TcStc4xBIjmW596SujAZHa1H7sqmVmMPnL8DZSB9nLlm4yxVKrLodd3pXUER_Ukm_WLND2q5cUzttmccjZ9GiBu-rvPCbaW5Oul-w_O_0XMFyMStJdL-fRiVkaZM4nU4m9UUs-DsHRNawfjVm1l3w7cQEU5CX5Vsq7qePuqvWEX1TVeORfu\" target=\"_blank\">linktr.ee\/perarnauiv<\/a><\/p>\n\n\n\n<figure class=\"wp-block-image size-large\"><img loading=\"lazy\" width=\"612\" height=\"767\" src=\"http:\/\/backgroundnoise.es\/wp-content\/uploads\/2023\/09\/Perarnau-30-sept-2023.jpg\" alt=\"\" class=\"wp-image-1389\" srcset=\"https:\/\/backgroundnoise.es\/wp-content\/uploads\/2023\/09\/Perarnau-30-sept-2023.jpg 612w, https:\/\/backgroundnoise.es\/wp-content\/uploads\/2023\/09\/Perarnau-30-sept-2023-239x300.jpg 239w\" sizes=\"(max-width: 612px) 100vw, 612px\" \/><\/figure>\n","protected":false},"excerpt":{"rendered":"<p>Una de las acepciones que la RAE recoge del concepto vida es el tiempo que transcurre desde el nacimiento de un ser hasta su muerte o hasta el presente. Y tiene gracia porque incluso ese presente que se incluye en esta definici\u00f3n no deja de morir todo el tiempo y es ese final, absolutamente desconocido [&hellip;]<\/p>\n","protected":false},"author":1,"featured_media":1408,"comment_status":"open","ping_status":"open","sticky":false,"template":"","format":"standard","meta":[],"categories":[5,3],"tags":[],"_links":{"self":[{"href":"https:\/\/backgroundnoise.es\/index.php\/wp-json\/wp\/v2\/posts\/1407"}],"collection":[{"href":"https:\/\/backgroundnoise.es\/index.php\/wp-json\/wp\/v2\/posts"}],"about":[{"href":"https:\/\/backgroundnoise.es\/index.php\/wp-json\/wp\/v2\/types\/post"}],"author":[{"embeddable":true,"href":"https:\/\/backgroundnoise.es\/index.php\/wp-json\/wp\/v2\/users\/1"}],"replies":[{"embeddable":true,"href":"https:\/\/backgroundnoise.es\/index.php\/wp-json\/wp\/v2\/comments?post=1407"}],"version-history":[{"count":1,"href":"https:\/\/backgroundnoise.es\/index.php\/wp-json\/wp\/v2\/posts\/1407\/revisions"}],"predecessor-version":[{"id":1409,"href":"https:\/\/backgroundnoise.es\/index.php\/wp-json\/wp\/v2\/posts\/1407\/revisions\/1409"}],"wp:featuredmedia":[{"embeddable":true,"href":"https:\/\/backgroundnoise.es\/index.php\/wp-json\/wp\/v2\/media\/1408"}],"wp:attachment":[{"href":"https:\/\/backgroundnoise.es\/index.php\/wp-json\/wp\/v2\/media?parent=1407"}],"wp:term":[{"taxonomy":"category","embeddable":true,"href":"https:\/\/backgroundnoise.es\/index.php\/wp-json\/wp\/v2\/categories?post=1407"},{"taxonomy":"post_tag","embeddable":true,"href":"https:\/\/backgroundnoise.es\/index.php\/wp-json\/wp\/v2\/tags?post=1407"}],"curies":[{"name":"wp","href":"https:\/\/api.w.org\/{rel}","templated":true}]}}