{"id":1399,"date":"2023-09-28T11:01:35","date_gmt":"2023-09-28T11:01:35","guid":{"rendered":"https:\/\/backgroundnoise.es\/?p=1399"},"modified":"2023-09-28T11:01:35","modified_gmt":"2023-09-28T11:01:35","slug":"tahures-zurdos-estrenan-su-video-lyric-redencion","status":"publish","type":"post","link":"https:\/\/backgroundnoise.es\/index.php\/2023\/09\/28\/tahures-zurdos-estrenan-su-video-lyric-redencion\/","title":{"rendered":"TAH\u00daRES ZURDOS estrenan su video lyric \u00abRedenci\u00f3n\u00bb"},"content":{"rendered":"\n<p class=\"has-black-color has-text-color\">Es el primer tema nuevo en 20 a\u00f1os<\/p>\n\n\n\n<p class=\"has-black-color has-text-color\">Esc\u00fachalo en plataformas el viernes 29 de septiembre Comienzo de gira el 21 de octubre<br><\/p>\n\n\n\n<figure class=\"wp-block-embed is-type-video is-provider-youtube wp-block-embed-youtube wp-embed-aspect-16-9 wp-has-aspect-ratio\"><div class=\"wp-block-embed__wrapper\">\n<iframe loading=\"lazy\" title=\"TAH\u00daRES ZURDOS &quot;Redenci\u00f3n&quot; (Videolyric)\" width=\"640\" height=\"360\" src=\"https:\/\/www.youtube.com\/embed\/RhPGJb_T2Ns?feature=oembed\" frameborder=\"0\" allow=\"accelerometer; autoplay; clipboard-write; encrypted-media; gyroscope; picture-in-picture; web-share\" allowfullscreen><\/iframe>\n<\/div><\/figure>\n\n\n\n<p class=\"has-black-color has-text-color\"><strong>Redenci\u00f3n<\/strong>&nbsp;es el t\u00edtulo del nuevo tema que se estrena y que tambi\u00e9n da nombre a la gira.<\/p>\n\n\n\n<p class=\"has-black-color has-text-color\"><strong>Redenci\u00f3n<\/strong> habla de la decisi\u00f3n que tomas cuando quieres dejar atr\u00e1s una relaci\u00f3n, un v\u00ednculo con algo o alguien cuando no est\u00e1s bien y tienes que irte para encontrar una vida m\u00e1s feliz y redimirte del sufrimiento en los malos tiempos.<\/p>\n\n\n\n<p class=\"has-black-color has-text-color\">Tras 20 a\u00f1os sin haber lanzado temas en estudio, <strong>estrenar\u00e1n dos nuevas canciones previas a los conciertos <\/strong>que comienzan a finales de octubre.<\/p>\n\n\n\n<p class=\"has-black-color has-text-color\">Se formaron en 1987 y estuvieron en activo hasta 2004. En 2019 se volvieron a reunir.<\/p>\n\n\n\n<p class=\"has-black-color has-text-color\">Mantienen la formaci\u00f3n que tienen desde 1990 con Aurora Beltr\u00e1n como voz principal, Lolo Beltr\u00e1n, guitarras, Juanma Ugarte, bajista y como nuevo componente, Daniel Lizarraga a la bater\u00eda. 10 discos a sus espaldas y una nueva gira por delante con la inconfundible voz de Aurora, marca de la banda.<\/p>\n","protected":false},"excerpt":{"rendered":"<p>Es el primer tema nuevo en 20 a\u00f1os Esc\u00fachalo en plataformas el viernes 29 de septiembre Comienzo de gira el 21 de octubre Redenci\u00f3n&nbsp;es el t\u00edtulo del nuevo tema que se estrena y que tambi\u00e9n da nombre a la gira. Redenci\u00f3n habla de la decisi\u00f3n que tomas cuando quieres dejar atr\u00e1s una relaci\u00f3n, un v\u00ednculo [&hellip;]<\/p>\n","protected":false},"author":1,"featured_media":1400,"comment_status":"open","ping_status":"open","sticky":false,"template":"","format":"standard","meta":[],"categories":[5,3,7],"tags":[],"_links":{"self":[{"href":"https:\/\/backgroundnoise.es\/index.php\/wp-json\/wp\/v2\/posts\/1399"}],"collection":[{"href":"https:\/\/backgroundnoise.es\/index.php\/wp-json\/wp\/v2\/posts"}],"about":[{"href":"https:\/\/backgroundnoise.es\/index.php\/wp-json\/wp\/v2\/types\/post"}],"author":[{"embeddable":true,"href":"https:\/\/backgroundnoise.es\/index.php\/wp-json\/wp\/v2\/users\/1"}],"replies":[{"embeddable":true,"href":"https:\/\/backgroundnoise.es\/index.php\/wp-json\/wp\/v2\/comments?post=1399"}],"version-history":[{"count":1,"href":"https:\/\/backgroundnoise.es\/index.php\/wp-json\/wp\/v2\/posts\/1399\/revisions"}],"predecessor-version":[{"id":1401,"href":"https:\/\/backgroundnoise.es\/index.php\/wp-json\/wp\/v2\/posts\/1399\/revisions\/1401"}],"wp:featuredmedia":[{"embeddable":true,"href":"https:\/\/backgroundnoise.es\/index.php\/wp-json\/wp\/v2\/media\/1400"}],"wp:attachment":[{"href":"https:\/\/backgroundnoise.es\/index.php\/wp-json\/wp\/v2\/media?parent=1399"}],"wp:term":[{"taxonomy":"category","embeddable":true,"href":"https:\/\/backgroundnoise.es\/index.php\/wp-json\/wp\/v2\/categories?post=1399"},{"taxonomy":"post_tag","embeddable":true,"href":"https:\/\/backgroundnoise.es\/index.php\/wp-json\/wp\/v2\/tags?post=1399"}],"curies":[{"name":"wp","href":"https:\/\/api.w.org\/{rel}","templated":true}]}}