{"id":1359,"date":"2023-09-13T07:02:48","date_gmt":"2023-09-13T07:02:48","guid":{"rendered":"https:\/\/backgroundnoise.es\/?p=1359"},"modified":"2023-09-13T07:03:28","modified_gmt":"2023-09-13T07:03:28","slug":"proximos-conciertos-de-rash","status":"publish","type":"post","link":"https:\/\/backgroundnoise.es\/index.php\/2023\/09\/13\/proximos-conciertos-de-rash\/","title":{"rendered":"Pr\u00f3ximos conciertos de RASH"},"content":{"rendered":"\n<p class=\"has-black-color has-text-color\">Para acabar el mes de septiembre y antes de dar pie a que llegue el oto\u00f1o @Rash Canta anuncia sus pr\u00f3ximos conciertos.<\/p>\n\n\n\n<p class=\"has-black-color has-text-color\"><br>Este viernes 15 de septiembre estar\u00e1 en Caf\u00e9 Libertad 8 a las 21h y muy bien acompa\u00f1ado en el escenario as\u00ed que si quieres saber qui\u00e9n ser\u00e1 su acompa\u00f1ante, no dudes en acudir.<\/p>\n\n\n\n<p class=\"has-black-color has-text-color\"><br>Entradas: <a href=\"https:\/\/ticketandroll.com\/evento\/rash-en-cafe-libertad-8-3\/\">https:\/\/ticketandroll.com\/evento\/rash-en-cafe-libertad-8-3\/<\/a><\/p>\n\n\n\n<p class=\"has-black-color has-text-color\"><br>La siguiente semana estar\u00e1 en tierras c\u00e1ntabras, el jueves 21 en el Haddock Bar de Santander y el s\u00e1bado 23 en el Gastrobar El Salm\u00f3n en Udalla.<br><\/p>\n\n\n\n<p>Pr\u00f3ximamente noticias!!!<\/p>\n\n\n\n<figure class=\"wp-block-gallery columns-2 is-cropped\"><ul class=\"blocks-gallery-grid\"><li class=\"blocks-gallery-item\"><figure><img loading=\"lazy\" width=\"724\" height=\"1024\" src=\"https:\/\/backgroundnoise.es\/wp-content\/uploads\/2023\/09\/rash_poster_conciertos-septiembre-2023-724x1024.jpg\" alt=\"\" data-id=\"1360\" data-link=\"https:\/\/backgroundnoise.es\/?attachment_id=1360\" class=\"wp-image-1360\" srcset=\"https:\/\/backgroundnoise.es\/wp-content\/uploads\/2023\/09\/rash_poster_conciertos-septiembre-2023-724x1024.jpg 724w, https:\/\/backgroundnoise.es\/wp-content\/uploads\/2023\/09\/rash_poster_conciertos-septiembre-2023-212x300.jpg 212w, https:\/\/backgroundnoise.es\/wp-content\/uploads\/2023\/09\/rash_poster_conciertos-septiembre-2023-768x1086.jpg 768w, https:\/\/backgroundnoise.es\/wp-content\/uploads\/2023\/09\/rash_poster_conciertos-septiembre-2023.jpg 1000w\" sizes=\"(max-width: 724px) 100vw, 724px\" \/><\/figure><\/li><li class=\"blocks-gallery-item\"><figure><img loading=\"lazy\" width=\"724\" height=\"1024\" src=\"https:\/\/backgroundnoise.es\/wp-content\/uploads\/2023\/09\/rash_poster_15-septiembre-Libertad-8-724x1024.jpg\" alt=\"\" data-id=\"1361\" data-full-url=\"https:\/\/backgroundnoise.es\/wp-content\/uploads\/2023\/09\/rash_poster_15-septiembre-Libertad-8.jpg\" data-link=\"https:\/\/backgroundnoise.es\/?attachment_id=1361\" class=\"wp-image-1361\" srcset=\"https:\/\/backgroundnoise.es\/wp-content\/uploads\/2023\/09\/rash_poster_15-septiembre-Libertad-8-724x1024.jpg 724w, https:\/\/backgroundnoise.es\/wp-content\/uploads\/2023\/09\/rash_poster_15-septiembre-Libertad-8-212x300.jpg 212w, https:\/\/backgroundnoise.es\/wp-content\/uploads\/2023\/09\/rash_poster_15-septiembre-Libertad-8-768x1086.jpg 768w, https:\/\/backgroundnoise.es\/wp-content\/uploads\/2023\/09\/rash_poster_15-septiembre-Libertad-8.jpg 1000w\" sizes=\"(max-width: 724px) 100vw, 724px\" \/><\/figure><\/li><\/ul><\/figure>\n","protected":false},"excerpt":{"rendered":"<p>Para acabar el mes de septiembre y antes de dar pie a que llegue el oto\u00f1o @Rash Canta anuncia sus pr\u00f3ximos conciertos. Este viernes 15 de septiembre estar\u00e1 en Caf\u00e9 Libertad 8 a las 21h y muy bien acompa\u00f1ado en el escenario as\u00ed que si quieres saber qui\u00e9n ser\u00e1 su acompa\u00f1ante, no dudes en acudir. [&hellip;]<\/p>\n","protected":false},"author":1,"featured_media":1363,"comment_status":"open","ping_status":"open","sticky":false,"template":"","format":"standard","meta":[],"categories":[6,3],"tags":[],"_links":{"self":[{"href":"https:\/\/backgroundnoise.es\/index.php\/wp-json\/wp\/v2\/posts\/1359"}],"collection":[{"href":"https:\/\/backgroundnoise.es\/index.php\/wp-json\/wp\/v2\/posts"}],"about":[{"href":"https:\/\/backgroundnoise.es\/index.php\/wp-json\/wp\/v2\/types\/post"}],"author":[{"embeddable":true,"href":"https:\/\/backgroundnoise.es\/index.php\/wp-json\/wp\/v2\/users\/1"}],"replies":[{"embeddable":true,"href":"https:\/\/backgroundnoise.es\/index.php\/wp-json\/wp\/v2\/comments?post=1359"}],"version-history":[{"count":2,"href":"https:\/\/backgroundnoise.es\/index.php\/wp-json\/wp\/v2\/posts\/1359\/revisions"}],"predecessor-version":[{"id":1364,"href":"https:\/\/backgroundnoise.es\/index.php\/wp-json\/wp\/v2\/posts\/1359\/revisions\/1364"}],"wp:featuredmedia":[{"embeddable":true,"href":"https:\/\/backgroundnoise.es\/index.php\/wp-json\/wp\/v2\/media\/1363"}],"wp:attachment":[{"href":"https:\/\/backgroundnoise.es\/index.php\/wp-json\/wp\/v2\/media?parent=1359"}],"wp:term":[{"taxonomy":"category","embeddable":true,"href":"https:\/\/backgroundnoise.es\/index.php\/wp-json\/wp\/v2\/categories?post=1359"},{"taxonomy":"post_tag","embeddable":true,"href":"https:\/\/backgroundnoise.es\/index.php\/wp-json\/wp\/v2\/tags?post=1359"}],"curies":[{"name":"wp","href":"https:\/\/api.w.org\/{rel}","templated":true}]}}