{"id":1322,"date":"2023-09-01T14:00:00","date_gmt":"2023-09-01T14:00:00","guid":{"rendered":"https:\/\/backgroundnoise.es\/?p=1322"},"modified":"2023-09-01T10:58:59","modified_gmt":"2023-09-01T10:58:59","slug":"no-soy-perfecto-el-nuevo-single-de-vidal","status":"publish","type":"post","link":"https:\/\/backgroundnoise.es\/index.php\/2023\/09\/01\/no-soy-perfecto-el-nuevo-single-de-vidal\/","title":{"rendered":"\u00abNo Soy Perfecto\u00bb, el nuevo single de VIDAL"},"content":{"rendered":"\n<p class=\"has-black-color has-text-color\"><a rel=\"noreferrer noopener\" href=\"https:\/\/linktr.ee\/vidal210?fbclid=IwAR16ISvLNjzH9dc0mniH77AxE3GUwLe6_fEN0PSnkFPRRc2gTfkKaM3vscQ\" target=\"_blank\">https:\/\/linktr.ee\/vidal210<\/a><\/p>\n\n\n\n<p class=\"has-black-color has-text-color\">\u00bbNo Soy Perfecto\u00bb es una canci\u00f3n que expresa la lucha por encontrar la autenticidad en medio de relaciones complicadas. Con una mezcla de pop y pop electr\u00f3nico, nos cuentan la historia de un protagonista que enfrenta la dificultad de ser aceptado tal como es por alguien a quien ama. Con un puente inolvidable y un estribillo pegadizo, esta canci\u00f3n se convierte en un himno para todos aquellos que han enfrentado la presi\u00f3n de encajar en moldes preestablecidos. La instrumentaci\u00f3n din\u00e1mica y los acordes emotivos refuerzan el mensaje<\/p>\n\n\n\n<p class=\"has-black-color has-text-color\">.\u00bbNo Soy Perfecto\u00bb es una invitaci\u00f3n a la reflexi\u00f3n y a aceptar nuestras imperfecciones, record\u00e1ndonos que nuestra autenticidad es nuestra mayor fortaleza. Esta canci\u00f3n te inspirar\u00e1 a reconocer el valor de tu propia luz y a abrazarla sin miedo.<\/p>\n\n\n\n<p class=\"has-black-color has-text-color\">EL 21 de octubre actuar\u00e1 en la <a href=\"https:\/\/www.facebook.com\/SalaLaCavernaMadrid?__cft__[0]=AZXT6c0athNwAXfiCXk41Q85ZUAU65AtN4DLQDzHs73t71w9A1lT2UKJMJXp8h3kzhhOmnR7PaYW4dvOL0c58BG1ThsbyqWT6nBDAoKLBukt1tG86LevUzbQ2lou4sxkid0IdIvdS7PaGijBxI-wYqSV5UPuhCLlWnLFfuJjPllLKncupMY-CtsyQkktfumWeiU&amp;__tn__=-]K-R\">Sala La Caverna Madrid<\/a> y tocar\u00e1 los \u00faltimos temas que ha lanzado y alg\u00fan cl\u00e1sico m\u00e1s.<\/p>\n\n\n\n<p class=\"has-black-color has-text-color\">Entradas: <a rel=\"noreferrer noopener\" href=\"https:\/\/entradium.com\/es\/events\/vidal-210-sala-la-caverna-madrid?fbclid=IwAR24uXjoXeSNiyxjwogGm3pCdx7OmnL3E9b-WWqbnMsUUyqwKsx-Ts0xvks\" target=\"_blank\">https:\/\/entradium.com\/&#8230;\/vidal-210-sala-la-caverna-madrid<\/a><\/p>\n\n\n\n<figure class=\"wp-block-image size-large\"><img loading=\"lazy\" width=\"819\" height=\"1024\" src=\"http:\/\/backgroundnoise.es\/wp-content\/uploads\/2023\/05\/Vidal210-Poster-IG-POST-819x1024.jpg\" alt=\"\" class=\"wp-image-1079\" srcset=\"https:\/\/backgroundnoise.es\/wp-content\/uploads\/2023\/05\/Vidal210-Poster-IG-POST-819x1024.jpg 819w, https:\/\/backgroundnoise.es\/wp-content\/uploads\/2023\/05\/Vidal210-Poster-IG-POST-240x300.jpg 240w, https:\/\/backgroundnoise.es\/wp-content\/uploads\/2023\/05\/Vidal210-Poster-IG-POST-768x960.jpg 768w, https:\/\/backgroundnoise.es\/wp-content\/uploads\/2023\/05\/Vidal210-Poster-IG-POST.jpg 1080w\" sizes=\"(max-width: 819px) 100vw, 819px\" \/><\/figure>\n","protected":false},"excerpt":{"rendered":"<p>https:\/\/linktr.ee\/vidal210 \u00bbNo Soy Perfecto\u00bb es una canci\u00f3n que expresa la lucha por encontrar la autenticidad en medio de relaciones complicadas. Con una mezcla de pop y pop electr\u00f3nico, nos cuentan la historia de un protagonista que enfrenta la dificultad de ser aceptado tal como es por alguien a quien ama. Con un puente inolvidable y [&hellip;]<\/p>\n","protected":false},"author":1,"featured_media":1323,"comment_status":"open","ping_status":"open","sticky":false,"template":"","format":"standard","meta":[],"categories":[6,5,3],"tags":[],"_links":{"self":[{"href":"https:\/\/backgroundnoise.es\/index.php\/wp-json\/wp\/v2\/posts\/1322"}],"collection":[{"href":"https:\/\/backgroundnoise.es\/index.php\/wp-json\/wp\/v2\/posts"}],"about":[{"href":"https:\/\/backgroundnoise.es\/index.php\/wp-json\/wp\/v2\/types\/post"}],"author":[{"embeddable":true,"href":"https:\/\/backgroundnoise.es\/index.php\/wp-json\/wp\/v2\/users\/1"}],"replies":[{"embeddable":true,"href":"https:\/\/backgroundnoise.es\/index.php\/wp-json\/wp\/v2\/comments?post=1322"}],"version-history":[{"count":1,"href":"https:\/\/backgroundnoise.es\/index.php\/wp-json\/wp\/v2\/posts\/1322\/revisions"}],"predecessor-version":[{"id":1324,"href":"https:\/\/backgroundnoise.es\/index.php\/wp-json\/wp\/v2\/posts\/1322\/revisions\/1324"}],"wp:featuredmedia":[{"embeddable":true,"href":"https:\/\/backgroundnoise.es\/index.php\/wp-json\/wp\/v2\/media\/1323"}],"wp:attachment":[{"href":"https:\/\/backgroundnoise.es\/index.php\/wp-json\/wp\/v2\/media?parent=1322"}],"wp:term":[{"taxonomy":"category","embeddable":true,"href":"https:\/\/backgroundnoise.es\/index.php\/wp-json\/wp\/v2\/categories?post=1322"},{"taxonomy":"post_tag","embeddable":true,"href":"https:\/\/backgroundnoise.es\/index.php\/wp-json\/wp\/v2\/tags?post=1322"}],"curies":[{"name":"wp","href":"https:\/\/api.w.org\/{rel}","templated":true}]}}