{"id":113,"date":"2020-02-17T12:51:00","date_gmt":"2020-02-17T12:51:00","guid":{"rendered":"http:\/\/backgroundnoise.es\/?p=113"},"modified":"2020-02-17T18:07:04","modified_gmt":"2020-02-17T18:07:04","slug":"un-dia-para-tener-a-the-maine-en-nuestro-pais","status":"publish","type":"post","link":"https:\/\/backgroundnoise.es\/index.php\/2020\/02\/17\/un-dia-para-tener-a-the-maine-en-nuestro-pais\/","title":{"rendered":"Un d\u00eda para tener a THE MAINE en nuestro pa\u00eds"},"content":{"rendered":"\n<figure class=\"wp-block-image size-large\"><img loading=\"lazy\" width=\"1024\" height=\"538\" src=\"http:\/\/backgroundnoise.es\/wp-content\/uploads\/2020\/02\/The-Maine-Espa\u00f1a-2020-1024x538.jpg\" alt=\"\" class=\"wp-image-114\" srcset=\"https:\/\/backgroundnoise.es\/wp-content\/uploads\/2020\/02\/The-Maine-Espa\u00f1a-2020-1024x538.jpg 1024w, https:\/\/backgroundnoise.es\/wp-content\/uploads\/2020\/02\/The-Maine-Espa\u00f1a-2020-300x158.jpg 300w, https:\/\/backgroundnoise.es\/wp-content\/uploads\/2020\/02\/The-Maine-Espa\u00f1a-2020-768x404.jpg 768w, https:\/\/backgroundnoise.es\/wp-content\/uploads\/2020\/02\/The-Maine-Espa\u00f1a-2020.jpg 1431w\" sizes=\"(max-width: 1024px) 100vw, 1024px\" \/><\/figure>\n\n\n\n<p>El martes 18 de febrero pasar\u00e1n por la&nbsp;<a href=\"https:\/\/www.facebook.com\/independanceclubmadrid\/?__tn__=K-R&amp;eid=ARCV7Bya2n8uQKXQ-6fiOsd6cdw1HbXzy3OAqJrlHSOUvKx3zrK5hHluxzYCod0YVVjXCf_uL8WF2ct4&amp;fref=mentions&amp;__xts__%5B0%5D=68.ARAwMQC0SvkAy0Y236CCiX_05Iuri1uas2gxlmKjg4nStwDQvxdXaissNy_qrefv37ClKw9budBVjVfbBTFRzfRdCCx40-iY_M4YFdTKQaPM0xRYuJWZStDZHok0ehLEE-p5H05p_BVB56qvpLqmQS2bUXxd67XCNuqTpN9240KbATClwpmTybLpJVQpkJJ1NmqTCGXSEZ7XrjMq5Is4Fe4LfmufQbSWx5N677YSkdtoJsvt5drw5pwwLdxE-NOcVaxHREMrGXCxRghW5dBNfbTDbycis5X0QtrPXs3UzA8AESaZT4d5V56BIlxyvsXHHHVsTPpBc0bgOgeJn1qpeu_gcQ\">Independance CLUB<\/a>&nbsp;de Madrid y el mi\u00e9rcoles 19 por&nbsp;<a href=\"https:\/\/www.facebook.com\/Sala-Boveda-439348142817750\/?__tn__=K-R&amp;eid=ARCG27gvWZP8k5KfED-llW4if8ChW2CVnkuvUkSmSVTBexNw8ZKfC1_fHtbSrpcsigDwY0bbPBodZk2y&amp;fref=mentions&amp;__xts__%5B0%5D=68.ARAwMQC0SvkAy0Y236CCiX_05Iuri1uas2gxlmKjg4nStwDQvxdXaissNy_qrefv37ClKw9budBVjVfbBTFRzfRdCCx40-iY_M4YFdTKQaPM0xRYuJWZStDZHok0ehLEE-p5H05p_BVB56qvpLqmQS2bUXxd67XCNuqTpN9240KbATClwpmTybLpJVQpkJJ1NmqTCGXSEZ7XrjMq5Is4Fe4LfmufQbSWx5N677YSkdtoJsvt5drw5pwwLdxE-NOcVaxHREMrGXCxRghW5dBNfbTDbycis5X0QtrPXs3UzA8AESaZT4d5V56BIlxyvsXHHHVsTPpBc0bgOgeJn1qpeu_gcQ\">Sala Boveda<\/a>&nbsp;en Barcelona.<\/p>\n\n\n\n<p>En ambas fechas estar\u00e1n presentando su nuevo \u00e1lbum &#8216;You Are Ok&#8217; acompa\u00f1ados por&nbsp;<a href=\"https:\/\/www.facebook.com\/StandAtlantic\/?__tn__=K-R&amp;eid=ARABsKK3Ue5LBJZJbVzi70fYjpznEPKFcDS5R8jlXEefdtGK7yYEBRyRFlmXcnReb0ujOrRjAomBmpSE&amp;fref=mentions&amp;__xts__%5B0%5D=68.ARAwMQC0SvkAy0Y236CCiX_05Iuri1uas2gxlmKjg4nStwDQvxdXaissNy_qrefv37ClKw9budBVjVfbBTFRzfRdCCx40-iY_M4YFdTKQaPM0xRYuJWZStDZHok0ehLEE-p5H05p_BVB56qvpLqmQS2bUXxd67XCNuqTpN9240KbATClwpmTybLpJVQpkJJ1NmqTCGXSEZ7XrjMq5Is4Fe4LfmufQbSWx5N677YSkdtoJsvt5drw5pwwLdxE-NOcVaxHREMrGXCxRghW5dBNfbTDbycis5X0QtrPXs3UzA8AESaZT4d5V56BIlxyvsXHHHVsTPpBc0bgOgeJn1qpeu_gcQ\">Stand Atlantic<\/a>.<\/p>\n\n\n\n<p>Entradas en\u00a0<a rel=\"noreferrer noopener\" href=\"https:\/\/entradium.com\/es\/events\/the-maine-barcelona?fbclid=IwAR3bY1U-YX0uDYKRgkUA7T5IzadXH7R2SX42XD1Ta3wl-2B1jtxIaHFzzwE\" target=\"_blank\">https<\/a><a href=\"https:\/\/entradium.com\/es\/events\/the-maine-barcelona?fbclid=IwAR3bY1U-YX0uDYKRgkUA7T5IzadXH7R2SX42XD1Ta3wl-2B1jtxIaHFzzwE\" target=\"_blank\" rel=\"noreferrer noopener\" aria-label=\":\/\/entradium.com\/es\/events\/the-maine-barcelona (se abre en una nueva pesta\u00f1a)\">:\/\/entradium.com\/es\/events\/the-maine-barcelona<\/a><\/p>\n","protected":false},"excerpt":{"rendered":"<p>El martes 18 de febrero pasar\u00e1n por la&nbsp;Independance CLUB&nbsp;de Madrid y el mi\u00e9rcoles 19 por&nbsp;Sala Boveda&nbsp;en Barcelona. En ambas fechas estar\u00e1n presentando su nuevo \u00e1lbum &#8216;You Are Ok&#8217; acompa\u00f1ados por&nbsp;Stand Atlantic. Entradas en\u00a0https:\/\/entradium.com\/es\/events\/the-maine-barcelona<\/p>\n","protected":false},"author":1,"featured_media":114,"comment_status":"open","ping_status":"open","sticky":false,"template":"","format":"standard","meta":[],"categories":[1],"tags":[],"_links":{"self":[{"href":"https:\/\/backgroundnoise.es\/index.php\/wp-json\/wp\/v2\/posts\/113"}],"collection":[{"href":"https:\/\/backgroundnoise.es\/index.php\/wp-json\/wp\/v2\/posts"}],"about":[{"href":"https:\/\/backgroundnoise.es\/index.php\/wp-json\/wp\/v2\/types\/post"}],"author":[{"embeddable":true,"href":"https:\/\/backgroundnoise.es\/index.php\/wp-json\/wp\/v2\/users\/1"}],"replies":[{"embeddable":true,"href":"https:\/\/backgroundnoise.es\/index.php\/wp-json\/wp\/v2\/comments?post=113"}],"version-history":[{"count":1,"href":"https:\/\/backgroundnoise.es\/index.php\/wp-json\/wp\/v2\/posts\/113\/revisions"}],"predecessor-version":[{"id":115,"href":"https:\/\/backgroundnoise.es\/index.php\/wp-json\/wp\/v2\/posts\/113\/revisions\/115"}],"wp:featuredmedia":[{"embeddable":true,"href":"https:\/\/backgroundnoise.es\/index.php\/wp-json\/wp\/v2\/media\/114"}],"wp:attachment":[{"href":"https:\/\/backgroundnoise.es\/index.php\/wp-json\/wp\/v2\/media?parent=113"}],"wp:term":[{"taxonomy":"category","embeddable":true,"href":"https:\/\/backgroundnoise.es\/index.php\/wp-json\/wp\/v2\/categories?post=113"},{"taxonomy":"post_tag","embeddable":true,"href":"https:\/\/backgroundnoise.es\/index.php\/wp-json\/wp\/v2\/tags?post=113"}],"curies":[{"name":"wp","href":"https:\/\/api.w.org\/{rel}","templated":true}]}}