{"id":1054,"date":"2023-05-08T08:07:09","date_gmt":"2023-05-08T08:07:09","guid":{"rendered":"https:\/\/backgroundnoise.es\/?p=1054"},"modified":"2023-05-08T08:10:13","modified_gmt":"2023-05-08T08:10:13","slug":"la-regadera-vuelven-a-europa-en-mayo","status":"publish","type":"post","link":"https:\/\/backgroundnoise.es\/index.php\/2023\/05\/08\/la-regadera-vuelven-a-europa-en-mayo\/","title":{"rendered":"LA REGADERA vuelven a Europa en mayo"},"content":{"rendered":"\n<p class=\"has-black-color has-text-color\">Tras los llenazos que est\u00e1n teniendo en las diferentes ciudades del estado y ya habiendo comenzado la temporada de festivales, el 19 de mayo vuelven a Europa<\/p>\n\n\n\n<p class=\"has-black-color has-text-color\">.La banda seguir\u00e1 girando por toda la pen\u00ednsula, adem\u00e1s de realizar una nueva gira por los Pa\u00edses Bajos, llevando su m\u00fasica y su fiesta por todos los rincones. <\/p>\n\n\n\n<p class=\"has-black-color has-text-color\">No te quedes sin ver a una de las bandas m\u00e1s divertidas de nuestra escena.<\/p>\n\n\n\n<p class=\"has-black-color has-text-color\">Estos son sus pr\u00f3ximos conciertos. Seguiremos anunciando nuevas fechas:<\/p>\n\n\n\n<p class=\"has-black-color has-text-color\">19 de mayo. Hoogte80 Festival. Arnhem (Holanda)20 de mayo. EGOpop. Egchel (Holanda)<\/p>\n\n\n\n<p class=\"has-black-color has-text-color\">20 de mayo. Play festival. Eersel (Holanda)<\/p>\n\n\n\n<p class=\"has-black-color has-text-color\">26 de mayo. Sniester Festival. La Haya (Holanda)\u00e727 de mayo. Over de top festival. Lichtenvoorde (Holanda)<\/p>\n\n\n\n<p class=\"has-black-color has-text-color\">28 de mayo. Miranda de Ebro (Burgos)<\/p>\n\n\n\n<p class=\"has-black-color has-text-color\">3 de junio. Vitoria. Fiestas de Arana22 de junio. Alcobendas (Madrid)<\/p>\n\n\n\n<p class=\"has-black-color has-text-color\">23 de junio. Fr\u00edas (Burgos)<\/p>\n\n\n\n<p class=\"has-black-color has-text-color\">24 de junio. Durcal (Granada)<\/p>\n\n\n\n<p class=\"has-black-color has-text-color\">1 de julio. Cuellar (Segovia)<\/p>\n\n\n\n<p class=\"has-black-color has-text-color\">6 de Julio. Torre del Mar (M\u00e1laga). Weekend Beach<\/p>\n\n\n\n<p class=\"has-black-color has-text-color\">9 de julio. Teruel<\/p>\n\n\n\n<p class=\"has-black-color has-text-color\">14 de julio. Mauleon Licuare (Iparralde)<\/p>\n\n\n\n<p class=\"has-black-color has-text-color\">28 de julio. Montemayor de Pililla (Valladolid). Milanito Festival<\/p>\n\n\n\n<p class=\"has-black-color has-text-color\">29 de julio. Barbate (C\u00e1diz). Cabo de Plata Festival<\/p>\n\n\n\n<p class=\"has-black-color has-text-color\">5 de agosto. Santiba\u00f1ez de Tera (Zamora)<\/p>\n\n\n\n<p class=\"has-black-color has-text-color\">26 de agosto. Ollauri (La Rioja)<\/p>\n\n\n\n<p class=\"has-black-color has-text-color\">8 de septiembre. Villagarcia de Arousa (Pontevedra). As Revenidas Festival<\/p>\n\n\n\n<p class=\"has-black-color has-text-color\">9 de septiembre. Mallen (Zaragoza)<\/p>\n\n\n\n<p class=\"has-black-color has-text-color\">12 &#8211; 14 de octubre. C\u00e1ceres. Extrem\u00fasika<\/p>\n\n\n\n<figure class=\"wp-block-embed\"><div class=\"wp-block-embed__wrapper\">\nhttps:\/\/www.youtube.com\/shorts\/_4owbIJmmls\n<\/div><\/figure>\n","protected":false},"excerpt":{"rendered":"<p>Tras los llenazos que est\u00e1n teniendo en las diferentes ciudades del estado y ya habiendo comenzado la temporada de festivales, el 19 de mayo vuelven a Europa .La banda seguir\u00e1 girando por toda la pen\u00ednsula, adem\u00e1s de realizar una nueva gira por los Pa\u00edses Bajos, llevando su m\u00fasica y su fiesta por todos los rincones. [&hellip;]<\/p>\n","protected":false},"author":1,"featured_media":1057,"comment_status":"open","ping_status":"open","sticky":false,"template":"","format":"standard","meta":[],"categories":[6,3],"tags":[],"_links":{"self":[{"href":"https:\/\/backgroundnoise.es\/index.php\/wp-json\/wp\/v2\/posts\/1054"}],"collection":[{"href":"https:\/\/backgroundnoise.es\/index.php\/wp-json\/wp\/v2\/posts"}],"about":[{"href":"https:\/\/backgroundnoise.es\/index.php\/wp-json\/wp\/v2\/types\/post"}],"author":[{"embeddable":true,"href":"https:\/\/backgroundnoise.es\/index.php\/wp-json\/wp\/v2\/users\/1"}],"replies":[{"embeddable":true,"href":"https:\/\/backgroundnoise.es\/index.php\/wp-json\/wp\/v2\/comments?post=1054"}],"version-history":[{"count":4,"href":"https:\/\/backgroundnoise.es\/index.php\/wp-json\/wp\/v2\/posts\/1054\/revisions"}],"predecessor-version":[{"id":1059,"href":"https:\/\/backgroundnoise.es\/index.php\/wp-json\/wp\/v2\/posts\/1054\/revisions\/1059"}],"wp:featuredmedia":[{"embeddable":true,"href":"https:\/\/backgroundnoise.es\/index.php\/wp-json\/wp\/v2\/media\/1057"}],"wp:attachment":[{"href":"https:\/\/backgroundnoise.es\/index.php\/wp-json\/wp\/v2\/media?parent=1054"}],"wp:term":[{"taxonomy":"category","embeddable":true,"href":"https:\/\/backgroundnoise.es\/index.php\/wp-json\/wp\/v2\/categories?post=1054"},{"taxonomy":"post_tag","embeddable":true,"href":"https:\/\/backgroundnoise.es\/index.php\/wp-json\/wp\/v2\/tags?post=1054"}],"curies":[{"name":"wp","href":"https:\/\/api.w.org\/{rel}","templated":true}]}}