{"id":943,"date":"2023-03-10T11:56:24","date_gmt":"2023-03-10T11:56:24","guid":{"rendered":"https:\/\/backgroundnoise.es\/?p=943"},"modified":"2023-03-10T11:56:24","modified_gmt":"2023-03-10T11:56:24","slug":"meinstein-rammstein-live-experience-sigue-su-gira-de-conciertos-por-el-pais","status":"publish","type":"post","link":"http:\/\/backgroundnoise.es\/index.php\/2023\/03\/10\/meinstein-rammstein-live-experience-sigue-su-gira-de-conciertos-por-el-pais\/","title":{"rendered":"MEINSTEIN &#8211; Rammstein Live Experience sigue su gira de conciertos por el pa\u00eds"},"content":{"rendered":"\n<p class=\"has-black-color has-text-color\">Rindiendo culto a la obra de los germanos mediante la r\u00e9plica de sus canciones y espect\u00e1culo sus actuaciones buscan satisfacer las expectativas de los fans m\u00e1s ac\u00e9rrimos y exigentes, as\u00ed como acercar la m\u00fasica y el espect\u00e1culo de Rammstein al p\u00fablico que no conozca en profundidad a la banda.<\/p>\n\n\n\n<p class=\"has-black-color has-text-color\"><br>Un show de unas 40 canciones con los mejores \u00e9xitos de Rammstein mucha actitud y una espectacular puesta en escena.<\/p>\n\n\n\n<p class=\"has-black-color has-text-color\"><br>Sus pr\u00f3ximos conciertos ser\u00e1n estos<\/p>\n\n\n\n<p class=\"has-black-color has-text-color\">S\u00e1bado 25 de Marzo- Hot Rock- N\u00e1jera (La Rioja)<\/p>\n\n\n\n<p class=\"has-black-color has-text-color\">Entradas: Consulta o hazte socio- 619 14 56 68<\/p>\n\n\n\n<p class=\"has-black-color has-text-color\"><br>S\u00e1bado 15 de Abril- @salaRepublica 1- Valencia<\/p>\n\n\n\n<p class=\"has-black-color has-text-color\">Entradas: <a href=\"https:\/\/entradium.com\/es\/events\/meinstein-rammstein-live-experience-sepulnation-the-best-tribute-band-to-sepultura\">https:\/\/entradium.com\/es\/events\/meinstein-rammstein-live-experience-sepulnation-the-best-tribute-band-to-sepultura<\/a><\/p>\n\n\n\n<p class=\"has-black-color has-text-color\"><br>S\u00e1bado 16 de Mayo- @salaevensevilla &#8211; Sevilla<\/p>\n\n\n\n<p class=\"has-black-color has-text-color\">Entradas: <a href=\"https:\/\/entradium.com\/es\/events\/meinstein-rammstein-live-experience-en-sevilla\">https:\/\/entradium.com\/es\/events\/meinstein-rammstein-live-experience-en-sevilla<\/a><\/p>\n\n\n\n<p class=\"has-black-color has-text-color\"><br>No dejes que te lo cuenten, el espect\u00e1culo es impresionante!!!!<\/p>\n\n\n\n<figure class=\"wp-block-gallery columns-3 is-cropped\"><ul class=\"blocks-gallery-grid\"><li class=\"blocks-gallery-item\"><figure><img loading=\"lazy\" width=\"734\" height=\"1024\" src=\"https:\/\/backgroundnoise.es\/wp-content\/uploads\/2023\/03\/25-de-marzo-Hot-Rock-La-Rioja-734x1024.jpg\" alt=\"\" data-id=\"946\" data-full-url=\"https:\/\/backgroundnoise.es\/wp-content\/uploads\/2023\/03\/25-de-marzo-Hot-Rock-La-Rioja.jpg\" data-link=\"https:\/\/backgroundnoise.es\/?attachment_id=946\" class=\"wp-image-946\" srcset=\"http:\/\/backgroundnoise.es\/wp-content\/uploads\/2023\/03\/25-de-marzo-Hot-Rock-La-Rioja-734x1024.jpg 734w, http:\/\/backgroundnoise.es\/wp-content\/uploads\/2023\/03\/25-de-marzo-Hot-Rock-La-Rioja-215x300.jpg 215w, http:\/\/backgroundnoise.es\/wp-content\/uploads\/2023\/03\/25-de-marzo-Hot-Rock-La-Rioja-768x1072.jpg 768w, http:\/\/backgroundnoise.es\/wp-content\/uploads\/2023\/03\/25-de-marzo-Hot-Rock-La-Rioja-1100x1536.jpg 1100w, http:\/\/backgroundnoise.es\/wp-content\/uploads\/2023\/03\/25-de-marzo-Hot-Rock-La-Rioja.jpg 1467w\" sizes=\"(max-width: 734px) 100vw, 734px\" \/><\/figure><\/li><li class=\"blocks-gallery-item\"><figure><img loading=\"lazy\" width=\"724\" height=\"1024\" src=\"https:\/\/backgroundnoise.es\/wp-content\/uploads\/2023\/03\/15-abril-Repvblicca-1-Valencia-724x1024.jpg\" alt=\"\" data-id=\"945\" data-full-url=\"https:\/\/backgroundnoise.es\/wp-content\/uploads\/2023\/03\/15-abril-Repvblicca-1-Valencia.jpg\" data-link=\"https:\/\/backgroundnoise.es\/?attachment_id=945\" class=\"wp-image-945\" srcset=\"http:\/\/backgroundnoise.es\/wp-content\/uploads\/2023\/03\/15-abril-Repvblicca-1-Valencia-724x1024.jpg 724w, http:\/\/backgroundnoise.es\/wp-content\/uploads\/2023\/03\/15-abril-Repvblicca-1-Valencia-212x300.jpg 212w, http:\/\/backgroundnoise.es\/wp-content\/uploads\/2023\/03\/15-abril-Repvblicca-1-Valencia-768x1086.jpg 768w, http:\/\/backgroundnoise.es\/wp-content\/uploads\/2023\/03\/15-abril-Repvblicca-1-Valencia-1086x1536.jpg 1086w, http:\/\/backgroundnoise.es\/wp-content\/uploads\/2023\/03\/15-abril-Repvblicca-1-Valencia.jpg 1131w\" sizes=\"(max-width: 724px) 100vw, 724px\" \/><\/figure><\/li><li class=\"blocks-gallery-item\"><figure><img loading=\"lazy\" width=\"220\" height=\"310\" src=\"https:\/\/backgroundnoise.es\/wp-content\/uploads\/2023\/03\/13-de-mayo-event_MEINSTEIN_-_cartel_Sevilla.jpeg\" alt=\"\" data-id=\"944\" data-link=\"https:\/\/backgroundnoise.es\/?attachment_id=944\" class=\"wp-image-944\" srcset=\"http:\/\/backgroundnoise.es\/wp-content\/uploads\/2023\/03\/13-de-mayo-event_MEINSTEIN_-_cartel_Sevilla.jpeg 220w, http:\/\/backgroundnoise.es\/wp-content\/uploads\/2023\/03\/13-de-mayo-event_MEINSTEIN_-_cartel_Sevilla-213x300.jpeg 213w\" sizes=\"(max-width: 220px) 100vw, 220px\" \/><\/figure><\/li><\/ul><\/figure>\n","protected":false},"excerpt":{"rendered":"<p>Rindiendo culto a la obra de los germanos mediante la r\u00e9plica de sus canciones y espect\u00e1culo sus actuaciones buscan satisfacer las expectativas de los fans m\u00e1s ac\u00e9rrimos y exigentes, as\u00ed como acercar la m\u00fasica y el espect\u00e1culo de Rammstein al p\u00fablico que no conozca en profundidad a la banda. Un show de unas 40 canciones [&hellip;]<\/p>\n","protected":false},"author":1,"featured_media":0,"comment_status":"open","ping_status":"open","sticky":false,"template":"","format":"standard","meta":[],"categories":[6,3],"tags":[],"_links":{"self":[{"href":"http:\/\/backgroundnoise.es\/index.php\/wp-json\/wp\/v2\/posts\/943"}],"collection":[{"href":"http:\/\/backgroundnoise.es\/index.php\/wp-json\/wp\/v2\/posts"}],"about":[{"href":"http:\/\/backgroundnoise.es\/index.php\/wp-json\/wp\/v2\/types\/post"}],"author":[{"embeddable":true,"href":"http:\/\/backgroundnoise.es\/index.php\/wp-json\/wp\/v2\/users\/1"}],"replies":[{"embeddable":true,"href":"http:\/\/backgroundnoise.es\/index.php\/wp-json\/wp\/v2\/comments?post=943"}],"version-history":[{"count":1,"href":"http:\/\/backgroundnoise.es\/index.php\/wp-json\/wp\/v2\/posts\/943\/revisions"}],"predecessor-version":[{"id":947,"href":"http:\/\/backgroundnoise.es\/index.php\/wp-json\/wp\/v2\/posts\/943\/revisions\/947"}],"wp:attachment":[{"href":"http:\/\/backgroundnoise.es\/index.php\/wp-json\/wp\/v2\/media?parent=943"}],"wp:term":[{"taxonomy":"category","embeddable":true,"href":"http:\/\/backgroundnoise.es\/index.php\/wp-json\/wp\/v2\/categories?post=943"},{"taxonomy":"post_tag","embeddable":true,"href":"http:\/\/backgroundnoise.es\/index.php\/wp-json\/wp\/v2\/tags?post=943"}],"curies":[{"name":"wp","href":"https:\/\/api.w.org\/{rel}","templated":true}]}}