{"id":593,"date":"2023-01-02T09:46:00","date_gmt":"2023-01-02T09:46:00","guid":{"rendered":"https:\/\/backgroundnoise.es\/?p=593"},"modified":"2023-01-19T10:11:56","modified_gmt":"2023-01-19T10:11:56","slug":"la-gira-de-presentacion-de-fernando-arteaga-comienza-en-una-semana","status":"publish","type":"post","link":"http:\/\/backgroundnoise.es\/index.php\/2023\/01\/02\/la-gira-de-presentacion-de-fernando-arteaga-comienza-en-una-semana\/","title":{"rendered":"La gira de presentaci\u00f3n de FERNANDO ARTEAGA comienza en una semana"},"content":{"rendered":"\n<p class=\"has-black-color has-text-color\">La gira de presentaci\u00f3n de \u00abThe Story Of The Earth\u00bb,el nuevo trabajo de Fernando Arteaga Gonzalez que sali\u00f3 en diciembre de 2022, empezar\u00e1 la pr\u00f3xima semana en Portugal.<\/p>\n\n\n\n<p class=\"has-black-color has-text-color\">Har\u00e1n 3 fechas, 13, 14 y 15 en tres localizaciones del pa\u00eds y despu\u00e9s pasar\u00e1n por Galicia y Le\u00f3n.<\/p>\n\n\n\n<p class=\"has-black-color has-text-color\">Portugal<\/p>\n\n\n\n<p class=\"has-black-color has-text-color\">13 de enero- Drac (Figueira Da Foz)<\/p>\n\n\n\n<p class=\"has-black-color has-text-color\">14 de enero- Casa de Artista Amador (Louro)<\/p>\n\n\n\n<p class=\"has-black-color has-text-color\">15 de enero- Barracuda (Porto)<\/p>\n\n\n\n<p class=\"has-black-color has-text-color\">Espa\u00f1a<\/p>\n\n\n\n<p class=\"has-black-color has-text-color\">20 de enero- Sala Filomatic (A Coru\u00f1a)<\/p>\n\n\n\n<p class=\"has-black-color has-text-color\">21 de enero- Moon Music Club (Santiago de Compostela)<\/p>\n\n\n\n<p class=\"has-black-color has-text-color\">22 de enero- Black Bourbon (Le\u00f3n)<\/p>\n\n\n\n<p class=\"has-black-color has-text-color\">Puedes hacerte con su nuevo EP aqu\u00ed <a rel=\"noreferrer noopener\" href=\"https:\/\/l.facebook.com\/l.php?u=https%3A%2F%2Flinktr.ee%2Ffernandoarteaga%3Ffbclid%3DIwAR3DKr2CLy3gX_YE8hfXjHyqHLnbLeP02UXv7JB2h_FEA0wDTyTwNh3yU8I&amp;h=AT1QcWrL9BzHfGzzobYlBDDRYwHEXM9c40B_3WeF7eqzVQlYJSDRXJyqa7EtLwnfQBHyiaz5psY-xGX3LUdtk_sKFEACa-CoAvgQsBVFr55H3x9Pv_y-vlzEgA19VGY6mg&amp;__tn__=-UK-R&amp;c[0]=AT2RzITgowT35P4pvxaWv0kxOqDlo3puZTh_c_3nGV7Kakwi5e23bYmIahbLEDtpeJA3t-VJg2J4bHR3eCuVQJzAxI6zubPAgIqpgf_Css8dfw8BtH_Qq2dcYKnaLd0PHyXO-QpJGD91Tnxm21Vewxtvds64xIR2vpD_9U-GBLSTVCPBcQvGLnqMGhP4XD3keHdf2I0k8AyN\" target=\"_blank\">https:\/\/linktr.ee\/fernandoarteaga<\/a><\/p>\n\n\n\n<figure class=\"wp-block-image size-large\"><img loading=\"lazy\" width=\"819\" height=\"1024\" src=\"https:\/\/backgroundnoise.es\/wp-content\/uploads\/2023\/01\/Fernando-Arteaga-tour-Portugal-2023-819x1024.png\" alt=\"\" class=\"wp-image-594\" srcset=\"http:\/\/backgroundnoise.es\/wp-content\/uploads\/2023\/01\/Fernando-Arteaga-tour-Portugal-2023-819x1024.png 819w, http:\/\/backgroundnoise.es\/wp-content\/uploads\/2023\/01\/Fernando-Arteaga-tour-Portugal-2023-240x300.png 240w, http:\/\/backgroundnoise.es\/wp-content\/uploads\/2023\/01\/Fernando-Arteaga-tour-Portugal-2023-768x960.png 768w, http:\/\/backgroundnoise.es\/wp-content\/uploads\/2023\/01\/Fernando-Arteaga-tour-Portugal-2023-48x60.png 48w, http:\/\/backgroundnoise.es\/wp-content\/uploads\/2023\/01\/Fernando-Arteaga-tour-Portugal-2023.png 1080w\" sizes=\"(max-width: 819px) 100vw, 819px\" \/><\/figure>\n","protected":false},"excerpt":{"rendered":"<p>La gira de presentaci\u00f3n de \u00abThe Story Of The Earth\u00bb,el nuevo trabajo de Fernando Arteaga Gonzalez que sali\u00f3 en diciembre de 2022, empezar\u00e1 la pr\u00f3xima semana en Portugal. Har\u00e1n 3 fechas, 13, 14 y 15 en tres localizaciones del pa\u00eds y despu\u00e9s pasar\u00e1n por Galicia y Le\u00f3n. Portugal 13 de enero- Drac (Figueira Da Foz) [&hellip;]<\/p>\n","protected":false},"author":1,"featured_media":595,"comment_status":"open","ping_status":"open","sticky":false,"template":"","format":"standard","meta":[],"categories":[3],"tags":[],"_links":{"self":[{"href":"http:\/\/backgroundnoise.es\/index.php\/wp-json\/wp\/v2\/posts\/593"}],"collection":[{"href":"http:\/\/backgroundnoise.es\/index.php\/wp-json\/wp\/v2\/posts"}],"about":[{"href":"http:\/\/backgroundnoise.es\/index.php\/wp-json\/wp\/v2\/types\/post"}],"author":[{"embeddable":true,"href":"http:\/\/backgroundnoise.es\/index.php\/wp-json\/wp\/v2\/users\/1"}],"replies":[{"embeddable":true,"href":"http:\/\/backgroundnoise.es\/index.php\/wp-json\/wp\/v2\/comments?post=593"}],"version-history":[{"count":2,"href":"http:\/\/backgroundnoise.es\/index.php\/wp-json\/wp\/v2\/posts\/593\/revisions"}],"predecessor-version":[{"id":683,"href":"http:\/\/backgroundnoise.es\/index.php\/wp-json\/wp\/v2\/posts\/593\/revisions\/683"}],"wp:featuredmedia":[{"embeddable":true,"href":"http:\/\/backgroundnoise.es\/index.php\/wp-json\/wp\/v2\/media\/595"}],"wp:attachment":[{"href":"http:\/\/backgroundnoise.es\/index.php\/wp-json\/wp\/v2\/media?parent=593"}],"wp:term":[{"taxonomy":"category","embeddable":true,"href":"http:\/\/backgroundnoise.es\/index.php\/wp-json\/wp\/v2\/categories?post=593"},{"taxonomy":"post_tag","embeddable":true,"href":"http:\/\/backgroundnoise.es\/index.php\/wp-json\/wp\/v2\/tags?post=593"}],"curies":[{"name":"wp","href":"https:\/\/api.w.org\/{rel}","templated":true}]}}