{"id":2552,"date":"2025-10-08T05:54:55","date_gmt":"2025-10-08T05:54:55","guid":{"rendered":"https:\/\/backgroundnoise.es\/?p=2552"},"modified":"2025-10-08T09:46:41","modified_gmt":"2025-10-08T09:46:41","slug":"bihotza-comienzan-su-gira-de-salas-de-otono-este-viernes","status":"publish","type":"post","link":"http:\/\/backgroundnoise.es\/index.php\/2025\/10\/08\/bihotza-comienzan-su-gira-de-salas-de-otono-este-viernes\/","title":{"rendered":"BIHOTZA comienzan su gira de salas de oto\u00f1o este viernes"},"content":{"rendered":"\n<p class=\"has-black-color has-text-color\">La banda de Madrid Bihotza, que lanzaron su disco debut en 20234 y cuatro temas m\u00e1s durante 2025, no han parado su actividad.<\/p>\n\n\n\n<p class=\"has-black-color has-text-color\"><br>Calero LDN , siempre inquieto, junto al resto de la banda, Iv\u00e1n G\u00fcevo (bater\u00eda Ska-P), Elena (guitarra) y Chara (bajo), hicieron ya una mini gira de presentaci\u00f3n en salas y varios conciertos en festivales durante 2025 como Vi\u00f1a Rock.<\/p>\n\n\n\n<p class=\"has-black-color has-text-color\"><br>Tambi\u00e9n han grabado recientemente Los conciertos de Radio 3 que se emitir\u00e1n en unos d\u00edas.<br><\/p>\n\n\n\n<p class=\"has-black-color has-text-color\">Este viernes comienzan una extensa gira de salas #coronadeespinastour y ser\u00e1 en Valladolid en la Sala Porta Caeli donde dar\u00e1n el pistoletazo de salida y el s\u00e1bado 11 en Potemkim en Salamanca.<\/p>\n\n\n\n<p class=\"has-black-color has-text-color\"><br>No pierdas la oportunidad de ver su en\u00e9rgico directo y corear todas sus canciones.<br>\ud83c\udf9f\ud83c\udf9f <a href=\"http:\/\/www.woutick.es\">www.woutick.es<\/a><br><\/p>\n","protected":false},"excerpt":{"rendered":"<p>La banda de Madrid Bihotza, que lanzaron su disco debut en 20234 y cuatro temas m\u00e1s durante 2025, no han parado su actividad. Calero LDN , siempre inquieto, junto al resto de la banda, Iv\u00e1n G\u00fcevo (bater\u00eda Ska-P), Elena (guitarra) y Chara (bajo), hicieron ya una mini gira de presentaci\u00f3n en salas y varios conciertos [&hellip;]<\/p>\n","protected":false},"author":1,"featured_media":2553,"comment_status":"open","ping_status":"open","sticky":false,"template":"","format":"standard","meta":[],"categories":[6,3],"tags":[],"_links":{"self":[{"href":"http:\/\/backgroundnoise.es\/index.php\/wp-json\/wp\/v2\/posts\/2552"}],"collection":[{"href":"http:\/\/backgroundnoise.es\/index.php\/wp-json\/wp\/v2\/posts"}],"about":[{"href":"http:\/\/backgroundnoise.es\/index.php\/wp-json\/wp\/v2\/types\/post"}],"author":[{"embeddable":true,"href":"http:\/\/backgroundnoise.es\/index.php\/wp-json\/wp\/v2\/users\/1"}],"replies":[{"embeddable":true,"href":"http:\/\/backgroundnoise.es\/index.php\/wp-json\/wp\/v2\/comments?post=2552"}],"version-history":[{"count":3,"href":"http:\/\/backgroundnoise.es\/index.php\/wp-json\/wp\/v2\/posts\/2552\/revisions"}],"predecessor-version":[{"id":2556,"href":"http:\/\/backgroundnoise.es\/index.php\/wp-json\/wp\/v2\/posts\/2552\/revisions\/2556"}],"wp:featuredmedia":[{"embeddable":true,"href":"http:\/\/backgroundnoise.es\/index.php\/wp-json\/wp\/v2\/media\/2553"}],"wp:attachment":[{"href":"http:\/\/backgroundnoise.es\/index.php\/wp-json\/wp\/v2\/media?parent=2552"}],"wp:term":[{"taxonomy":"category","embeddable":true,"href":"http:\/\/backgroundnoise.es\/index.php\/wp-json\/wp\/v2\/categories?post=2552"},{"taxonomy":"post_tag","embeddable":true,"href":"http:\/\/backgroundnoise.es\/index.php\/wp-json\/wp\/v2\/tags?post=2552"}],"curies":[{"name":"wp","href":"https:\/\/api.w.org\/{rel}","templated":true}]}}