{"id":2524,"date":"2025-09-16T09:06:00","date_gmt":"2025-09-16T09:06:00","guid":{"rendered":"https:\/\/backgroundnoise.es\/?p=2524"},"modified":"2025-09-16T20:11:40","modified_gmt":"2025-09-16T20:11:40","slug":"razers-estrenan-un-nuevo-tema-en-el-vuelo-del-fenix-de-radio-3-esta-noche-a-las-23h","status":"publish","type":"post","link":"http:\/\/backgroundnoise.es\/index.php\/2025\/09\/16\/razers-estrenan-un-nuevo-tema-en-el-vuelo-del-fenix-de-radio-3-esta-noche-a-las-23h\/","title":{"rendered":"RAZERS estrenan un nuevo tema en El Vuelo del F\u00e9nix de Radio 3 esta noche a las 23h"},"content":{"rendered":"\n<p class=\"has-black-color has-text-color\">S.I.A.C. (Swan In A Can) es la canci\u00f3n que estrenar\u00e1n hoy y estar\u00e1 incluida en el EP \u00abBedtime Stories I: The Awakening\u00bb que estar\u00e1 en plataformas el jueves 18.<\/p>\n\n\n\n<p class=\"has-black-color has-text-color\">Ese mismo d\u00eda har\u00e1n un concierto de presentaci\u00f3n de este nuevo trabajo en la Sala Hangar de Barcelona acompa\u00f1ados de la banda estadounidense Solace.<\/p>\n\n\n\n<p class=\"has-black-color has-text-color\">.<img loading=\"lazy\" height=\"16\" width=\"16\" alt=\"\ud83c\udf9f\" src=\"https:\/\/static.xx.fbcdn.net\/images\/emoji.php\/v9\/td8\/1\/16\/1f39f.png\"><img loading=\"lazy\" height=\"16\" width=\"16\" alt=\"\ud83c\udf9f\" src=\"https:\/\/static.xx.fbcdn.net\/images\/emoji.php\/v9\/td8\/1\/16\/1f39f.png\"><a rel=\"noreferrer noopener\" href=\"https:\/\/entradium.com\/es\/events\/razers-solace?fbclid=IwZXh0bgNhZW0CMTAAAR7ityyX5p-yIxumpRxvFzmS83Gehii12XHqrp42Ulfp9iUHTSrDWMGZ_2UaeQ_aem_IY4TOJeEiGDeoJI_t0VKFA\" target=\"_blank\">https:\/\/entradium.com\/es\/events\/razers-solace<\/a><\/p>\n","protected":false},"excerpt":{"rendered":"<p>S.I.A.C. (Swan In A Can) es la canci\u00f3n que estrenar\u00e1n hoy y estar\u00e1 incluida en el EP \u00abBedtime Stories I: The Awakening\u00bb que estar\u00e1 en plataformas el jueves 18. Ese mismo d\u00eda har\u00e1n un concierto de presentaci\u00f3n de este nuevo trabajo en la Sala Hangar de Barcelona acompa\u00f1ados de la banda estadounidense Solace. .https:\/\/entradium.com\/es\/events\/razers-solace<\/p>\n","protected":false},"author":1,"featured_media":2525,"comment_status":"open","ping_status":"open","sticky":false,"template":"","format":"standard","meta":[],"categories":[6,5,3],"tags":[],"_links":{"self":[{"href":"http:\/\/backgroundnoise.es\/index.php\/wp-json\/wp\/v2\/posts\/2524"}],"collection":[{"href":"http:\/\/backgroundnoise.es\/index.php\/wp-json\/wp\/v2\/posts"}],"about":[{"href":"http:\/\/backgroundnoise.es\/index.php\/wp-json\/wp\/v2\/types\/post"}],"author":[{"embeddable":true,"href":"http:\/\/backgroundnoise.es\/index.php\/wp-json\/wp\/v2\/users\/1"}],"replies":[{"embeddable":true,"href":"http:\/\/backgroundnoise.es\/index.php\/wp-json\/wp\/v2\/comments?post=2524"}],"version-history":[{"count":1,"href":"http:\/\/backgroundnoise.es\/index.php\/wp-json\/wp\/v2\/posts\/2524\/revisions"}],"predecessor-version":[{"id":2526,"href":"http:\/\/backgroundnoise.es\/index.php\/wp-json\/wp\/v2\/posts\/2524\/revisions\/2526"}],"wp:featuredmedia":[{"embeddable":true,"href":"http:\/\/backgroundnoise.es\/index.php\/wp-json\/wp\/v2\/media\/2525"}],"wp:attachment":[{"href":"http:\/\/backgroundnoise.es\/index.php\/wp-json\/wp\/v2\/media?parent=2524"}],"wp:term":[{"taxonomy":"category","embeddable":true,"href":"http:\/\/backgroundnoise.es\/index.php\/wp-json\/wp\/v2\/categories?post=2524"},{"taxonomy":"post_tag","embeddable":true,"href":"http:\/\/backgroundnoise.es\/index.php\/wp-json\/wp\/v2\/tags?post=2524"}],"curies":[{"name":"wp","href":"https:\/\/api.w.org\/{rel}","templated":true}]}}