{"id":2506,"date":"2025-08-28T09:09:46","date_gmt":"2025-08-28T09:09:46","guid":{"rendered":"https:\/\/backgroundnoise.es\/?p=2506"},"modified":"2025-08-28T09:09:46","modified_gmt":"2025-08-28T09:09:46","slug":"exsonvaldes-vuelven-a-espana-manana-para-actuar-en-el-festival-gigante","status":"publish","type":"post","link":"http:\/\/backgroundnoise.es\/index.php\/2025\/08\/28\/exsonvaldes-vuelven-a-espana-manana-para-actuar-en-el-festival-gigante\/","title":{"rendered":"EXSONVALDES vuelven a Espa\u00f1a ma\u00f1ana para actuar en el Festival Gigante"},"content":{"rendered":"\n<p class=\"has-black-color has-text-color\">Tras un peque\u00f1o descanso despu\u00e9s del Sonorama Ribera y sin parar de preparar lo que ser\u00e1 el nuevo disco, los franceses Exsonvaldes volver\u00e1n a nuestro pa\u00eds este fin de semana.<\/p>\n\n\n\n<p class=\"has-black-color has-text-color\"><br>Ser\u00e1 este viernes 29 de agosto en el Festival Gigante donde compartir\u00e1n escenario con Carolina Durante, Las Petunias, Funambulista, Travis Birds o Shego.<\/p>\n\n\n\n<p class=\"has-black-color has-text-color\"><br>Esperando a que lancen nuevo material en los pr\u00f3ximos meses, no dejes de ver a esta bandaza!!<\/p>\n\n\n\n<p class=\"has-black-color has-text-color\"><br>Escucha \u00abRockets\u00bb su \u00faltimo single<\/p>\n\n\n\n<figure class=\"wp-block-embed is-type-rich is-provider-spotify wp-block-embed-spotify wp-embed-aspect-21-9 wp-has-aspect-ratio\"><div class=\"wp-block-embed__wrapper\">\n<iframe title=\"Spotify Embed: Rockets\" style=\"border-radius: 12px\" width=\"100%\" height=\"152\" frameborder=\"0\" allowfullscreen allow=\"autoplay; clipboard-write; encrypted-media; fullscreen; picture-in-picture\" loading=\"lazy\" src=\"https:\/\/open.spotify.com\/embed\/track\/2S0mwrX94001IBXaLdhvm0?si=f0a06c4d4b2b4ccf&#038;utm_source=oembed\"><\/iframe>\n<\/div><\/figure>\n\n\n\n<p class=\"has-black-color has-text-color\">\ud83c\udf9f\ud83c\udf9f https:\/\/concertados.com\/evento\/festival-gigante-2025?_gl=1*1jny3ou*_gcl_au*MTAwOTk3OTk2My4xNzUxOTc2MTI1<\/p>\n\n\n\n<p class=\"has-black-color has-text-color\"><br>V2 Records Benelux FEP Producciones<br><\/p>\n","protected":false},"excerpt":{"rendered":"<p>Tras un peque\u00f1o descanso despu\u00e9s del Sonorama Ribera y sin parar de preparar lo que ser\u00e1 el nuevo disco, los franceses Exsonvaldes volver\u00e1n a nuestro pa\u00eds este fin de semana. Ser\u00e1 este viernes 29 de agosto en el Festival Gigante donde compartir\u00e1n escenario con Carolina Durante, Las Petunias, Funambulista, Travis Birds o Shego. Esperando a [&hellip;]<\/p>\n","protected":false},"author":1,"featured_media":2507,"comment_status":"open","ping_status":"open","sticky":false,"template":"","format":"standard","meta":[],"categories":[6,3],"tags":[],"_links":{"self":[{"href":"http:\/\/backgroundnoise.es\/index.php\/wp-json\/wp\/v2\/posts\/2506"}],"collection":[{"href":"http:\/\/backgroundnoise.es\/index.php\/wp-json\/wp\/v2\/posts"}],"about":[{"href":"http:\/\/backgroundnoise.es\/index.php\/wp-json\/wp\/v2\/types\/post"}],"author":[{"embeddable":true,"href":"http:\/\/backgroundnoise.es\/index.php\/wp-json\/wp\/v2\/users\/1"}],"replies":[{"embeddable":true,"href":"http:\/\/backgroundnoise.es\/index.php\/wp-json\/wp\/v2\/comments?post=2506"}],"version-history":[{"count":1,"href":"http:\/\/backgroundnoise.es\/index.php\/wp-json\/wp\/v2\/posts\/2506\/revisions"}],"predecessor-version":[{"id":2508,"href":"http:\/\/backgroundnoise.es\/index.php\/wp-json\/wp\/v2\/posts\/2506\/revisions\/2508"}],"wp:featuredmedia":[{"embeddable":true,"href":"http:\/\/backgroundnoise.es\/index.php\/wp-json\/wp\/v2\/media\/2507"}],"wp:attachment":[{"href":"http:\/\/backgroundnoise.es\/index.php\/wp-json\/wp\/v2\/media?parent=2506"}],"wp:term":[{"taxonomy":"category","embeddable":true,"href":"http:\/\/backgroundnoise.es\/index.php\/wp-json\/wp\/v2\/categories?post=2506"},{"taxonomy":"post_tag","embeddable":true,"href":"http:\/\/backgroundnoise.es\/index.php\/wp-json\/wp\/v2\/tags?post=2506"}],"curies":[{"name":"wp","href":"https:\/\/api.w.org\/{rel}","templated":true}]}}