{"id":150,"date":"2020-03-03T14:48:07","date_gmt":"2020-03-03T14:48:07","guid":{"rendered":"http:\/\/backgroundnoise.es\/?p=150"},"modified":"2020-03-03T14:48:07","modified_gmt":"2020-03-03T14:48:07","slug":"planazo-para-esta-tarde","status":"publish","type":"post","link":"http:\/\/backgroundnoise.es\/index.php\/2020\/03\/03\/planazo-para-esta-tarde\/","title":{"rendered":"Planazo para esta tarde"},"content":{"rendered":"\n<figure class=\"wp-block-image size-large\"><img loading=\"lazy\" width=\"960\" height=\"960\" src=\"http:\/\/backgroundnoise.es\/wp-content\/uploads\/2020\/03\/Festival-Punto-de-Vista-Radio-3.jpg\" alt=\"\" class=\"wp-image-151\" srcset=\"http:\/\/backgroundnoise.es\/wp-content\/uploads\/2020\/03\/Festival-Punto-de-Vista-Radio-3.jpg 960w, http:\/\/backgroundnoise.es\/wp-content\/uploads\/2020\/03\/Festival-Punto-de-Vista-Radio-3-300x300.jpg 300w, http:\/\/backgroundnoise.es\/wp-content\/uploads\/2020\/03\/Festival-Punto-de-Vista-Radio-3-150x150.jpg 150w, http:\/\/backgroundnoise.es\/wp-content\/uploads\/2020\/03\/Festival-Punto-de-Vista-Radio-3-768x768.jpg 768w\" sizes=\"(max-width: 960px) 100vw, 960px\" \/><\/figure>\n\n\n\n<p><a href=\"https:\/\/www.facebook.com\/LaFuriaRap\/?__tn__=K-R&amp;eid=ARBGwzDZJb9_xZ00C7nOrkQjStK4LUPb11Isyap8uLj2U3B43Sw2gyjFNrEC8sXWYp9fEHP0_Ns1og9g&amp;fref=mentions&amp;__xts__%5B0%5D=68.ARAwCyVmAB3WSS8pBScq0zHDgSbbdJ0wgegNOanj2lkxT_C0oEgZp_Igbg9Fuku1qhX1Xnm208ebUxof9yDc3oeoOQs0scXKxG6VvFjlg_sBcI26f5RU9zCBFK8aVprF5zvA5frGrSxN3fCRD0TcPob5RfVwbulAwdepTGjbIBgXBKU_RuUVSHm0UADh4AU41hZp1jLaO8ebwST9UK1QYrzu_zXOZ7hErJPQIW5jIYfDjK_Xv3Y_jY3EROszm9orMEqhn8KJYdQX9l0-rEnnEHfj2FYozeGlXFUem5p8_H39VpaFm3pkZq4Mc_m_p-DeCb8U7RpJVDq6qr8aKfbfSuntBA\">La Furia<\/a>&nbsp;estar\u00e1 actuando en&nbsp;<a href=\"https:\/\/www.facebook.com\/katakrak54\/?__tn__=K-R&amp;eid=ARDD4ge0e1sL48jJBGwV9VTqjnKkf9Lp0sGJsXIlR0iiY7PD0TYTSeNHr0-ogRlkH6_amxKJffYxstEU&amp;fref=mentions&amp;__xts__%5B0%5D=68.ARAwCyVmAB3WSS8pBScq0zHDgSbbdJ0wgegNOanj2lkxT_C0oEgZp_Igbg9Fuku1qhX1Xnm208ebUxof9yDc3oeoOQs0scXKxG6VvFjlg_sBcI26f5RU9zCBFK8aVprF5zvA5frGrSxN3fCRD0TcPob5RfVwbulAwdepTGjbIBgXBKU_RuUVSHm0UADh4AU41hZp1jLaO8ebwST9UK1QYrzu_zXOZ7hErJPQIW5jIYfDjK_Xv3Y_jY3EROszm9orMEqhn8KJYdQX9l0-rEnnEHfj2FYozeGlXFUem5p8_H39VpaFm3pkZq4Mc_m_p-DeCb8U7RpJVDq6qr8aKfbfSuntBA\">Katakrak<\/a>, Pamplona, dentro del&nbsp;<a href=\"https:\/\/www.facebook.com\/FESTIVALPUNTODEVISTA\/?__tn__=K-R&amp;eid=ARBmS3RDLDvRZQdimUJ8eAgi9PiJ0zn0Qv43GmhZYB4PmB5P08lafz8U5qlFD6sgEs73RYfGoM4_GH3q&amp;fref=mentions&amp;__xts__%5B0%5D=68.ARAwCyVmAB3WSS8pBScq0zHDgSbbdJ0wgegNOanj2lkxT_C0oEgZp_Igbg9Fuku1qhX1Xnm208ebUxof9yDc3oeoOQs0scXKxG6VvFjlg_sBcI26f5RU9zCBFK8aVprF5zvA5frGrSxN3fCRD0TcPob5RfVwbulAwdepTGjbIBgXBKU_RuUVSHm0UADh4AU41hZp1jLaO8ebwST9UK1QYrzu_zXOZ7hErJPQIW5jIYfDjK_Xv3Y_jY3EROszm9orMEqhn8KJYdQX9l0-rEnnEHfj2FYozeGlXFUem5p8_H39VpaFm3pkZq4Mc_m_p-DeCb8U7RpJVDq6qr8aKfbfSuntBA\">Festival PUNTO DE VISTA<\/a>&nbsp;y ser\u00e1 entrevistada por Javier Tolentino que dirige el programa&nbsp;<a href=\"https:\/\/www.facebook.com\/elseptimovicio\/?__tn__=K-R&amp;eid=ARAbisYYJfVaMVv_zVq4aiJ4N45ADafRUFicJY8l0qkVx6FYzntZCarUuiCZHWUmDFTQ3YsaQYN44Cxi&amp;fref=mentions&amp;__xts__%5B0%5D=68.ARAwCyVmAB3WSS8pBScq0zHDgSbbdJ0wgegNOanj2lkxT_C0oEgZp_Igbg9Fuku1qhX1Xnm208ebUxof9yDc3oeoOQs0scXKxG6VvFjlg_sBcI26f5RU9zCBFK8aVprF5zvA5frGrSxN3fCRD0TcPob5RfVwbulAwdepTGjbIBgXBKU_RuUVSHm0UADh4AU41hZp1jLaO8ebwST9UK1QYrzu_zXOZ7hErJPQIW5jIYfDjK_Xv3Y_jY3EROszm9orMEqhn8KJYdQX9l0-rEnnEHfj2FYozeGlXFUem5p8_H39VpaFm3pkZq4Mc_m_p-DeCb8U7RpJVDq6qr8aKfbfSuntBA\">El s\u00e9ptimo vicio<\/a>&nbsp;de&nbsp;<a href=\"https:\/\/www.facebook.com\/radio3\/?__tn__=K-R&amp;eid=ARCeorG_72f7JFePBZ1F-Sughsut7diFqwhrp7VkUIPKe0Cu5QxQb1EC0Jhn9aXYDh5TJpBZ7xqytG3D&amp;fref=mentions&amp;__xts__%5B0%5D=68.ARAwCyVmAB3WSS8pBScq0zHDgSbbdJ0wgegNOanj2lkxT_C0oEgZp_Igbg9Fuku1qhX1Xnm208ebUxof9yDc3oeoOQs0scXKxG6VvFjlg_sBcI26f5RU9zCBFK8aVprF5zvA5frGrSxN3fCRD0TcPob5RfVwbulAwdepTGjbIBgXBKU_RuUVSHm0UADh4AU41hZp1jLaO8ebwST9UK1QYrzu_zXOZ7hErJPQIW5jIYfDjK_Xv3Y_jY3EROszm9orMEqhn8KJYdQX9l0-rEnnEHfj2FYozeGlXFUem5p8_H39VpaFm3pkZq4Mc_m_p-DeCb8U7RpJVDq6qr8aKfbfSuntBA\">Radio 3<\/a>.<\/p>\n\n\n\n<p>Entrada libre desde las 19h hasta completar aforo.<\/p>\n\n\n\n<p><a href=\"https:\/\/www.facebook.com\/events\/1091571281179524\/\">https:\/\/www.facebook.com\/events\/1091571281179524\/<\/a><\/p>\n\n\n\n<p><a href=\"https:\/\/www.facebook.com\/hashtag\/shotgrabaciones?source=feed_text&amp;epa=HASHTAG&amp;__xts__%5B0%5D=68.ARAwCyVmAB3WSS8pBScq0zHDgSbbdJ0wgegNOanj2lkxT_C0oEgZp_Igbg9Fuku1qhX1Xnm208ebUxof9yDc3oeoOQs0scXKxG6VvFjlg_sBcI26f5RU9zCBFK8aVprF5zvA5frGrSxN3fCRD0TcPob5RfVwbulAwdepTGjbIBgXBKU_RuUVSHm0UADh4AU41hZp1jLaO8ebwST9UK1QYrzu_zXOZ7hErJPQIW5jIYfDjK_Xv3Y_jY3EROszm9orMEqhn8KJYdQX9l0-rEnnEHfj2FYozeGlXFUem5p8_H39VpaFm3pkZq4Mc_m_p-DeCb8U7RpJVDq6qr8aKfbfSuntBA&amp;__tn__=%2ANK-R\">#shotgrabaciones<\/a>&nbsp;<a href=\"https:\/\/www.facebook.com\/hashtag\/mimosa_bulegoa?source=feed_text&amp;epa=HASHTAG&amp;__xts__%5B0%5D=68.ARAwCyVmAB3WSS8pBScq0zHDgSbbdJ0wgegNOanj2lkxT_C0oEgZp_Igbg9Fuku1qhX1Xnm208ebUxof9yDc3oeoOQs0scXKxG6VvFjlg_sBcI26f5RU9zCBFK8aVprF5zvA5frGrSxN3fCRD0TcPob5RfVwbulAwdepTGjbIBgXBKU_RuUVSHm0UADh4AU41hZp1jLaO8ebwST9UK1QYrzu_zXOZ7hErJPQIW5jIYfDjK_Xv3Y_jY3EROszm9orMEqhn8KJYdQX9l0-rEnnEHfj2FYozeGlXFUem5p8_H39VpaFm3pkZq4Mc_m_p-DeCb8U7RpJVDq6qr8aKfbfSuntBA&amp;__tn__=%2ANK-R\">#mimosa_bulegoa<\/a><\/p>\n","protected":false},"excerpt":{"rendered":"<p>La Furia&nbsp;estar\u00e1 actuando en&nbsp;Katakrak, Pamplona, dentro del&nbsp;Festival PUNTO DE VISTA&nbsp;y ser\u00e1 entrevistada por Javier Tolentino que dirige el programa&nbsp;El s\u00e9ptimo vicio&nbsp;de&nbsp;Radio 3. Entrada libre desde las 19h hasta completar aforo. https:\/\/www.facebook.com\/events\/1091571281179524\/ #shotgrabaciones&nbsp;#mimosa_bulegoa<\/p>\n","protected":false},"author":1,"featured_media":152,"comment_status":"open","ping_status":"open","sticky":false,"template":"","format":"standard","meta":[],"categories":[6,3],"tags":[],"_links":{"self":[{"href":"http:\/\/backgroundnoise.es\/index.php\/wp-json\/wp\/v2\/posts\/150"}],"collection":[{"href":"http:\/\/backgroundnoise.es\/index.php\/wp-json\/wp\/v2\/posts"}],"about":[{"href":"http:\/\/backgroundnoise.es\/index.php\/wp-json\/wp\/v2\/types\/post"}],"author":[{"embeddable":true,"href":"http:\/\/backgroundnoise.es\/index.php\/wp-json\/wp\/v2\/users\/1"}],"replies":[{"embeddable":true,"href":"http:\/\/backgroundnoise.es\/index.php\/wp-json\/wp\/v2\/comments?post=150"}],"version-history":[{"count":1,"href":"http:\/\/backgroundnoise.es\/index.php\/wp-json\/wp\/v2\/posts\/150\/revisions"}],"predecessor-version":[{"id":153,"href":"http:\/\/backgroundnoise.es\/index.php\/wp-json\/wp\/v2\/posts\/150\/revisions\/153"}],"wp:featuredmedia":[{"embeddable":true,"href":"http:\/\/backgroundnoise.es\/index.php\/wp-json\/wp\/v2\/media\/152"}],"wp:attachment":[{"href":"http:\/\/backgroundnoise.es\/index.php\/wp-json\/wp\/v2\/media?parent=150"}],"wp:term":[{"taxonomy":"category","embeddable":true,"href":"http:\/\/backgroundnoise.es\/index.php\/wp-json\/wp\/v2\/categories?post=150"},{"taxonomy":"post_tag","embeddable":true,"href":"http:\/\/backgroundnoise.es\/index.php\/wp-json\/wp\/v2\/tags?post=150"}],"curies":[{"name":"wp","href":"https:\/\/api.w.org\/{rel}","templated":true}]}}