{"id":1198,"date":"2023-06-19T16:35:26","date_gmt":"2023-06-19T16:35:26","guid":{"rendered":"https:\/\/backgroundnoise.es\/?p=1198"},"modified":"2023-06-26T09:10:43","modified_gmt":"2023-06-26T09:10:43","slug":"la-regadera-finaliza-con-exito-el-ciclo-de-conciertos-didacticos-con-la-regadera-a-otra-parte","status":"publish","type":"post","link":"http:\/\/backgroundnoise.es\/index.php\/2023\/06\/19\/la-regadera-finaliza-con-exito-el-ciclo-de-conciertos-didacticos-con-la-regadera-a-otra-parte\/","title":{"rendered":"La Regadera finaliza, con \u00e9xito, el ciclo de conciertos did\u00e1cticos \u00abCon La Regadera A Otra Parte\u00bb"},"content":{"rendered":"\n<p class=\"has-black-color has-text-color\">Ha sido una experiencia diferente y muy enriquecedora entre los m\u00fasicos y los asistentes<\/p>\n\n\n\n<p class=\"has-black-color has-text-color\"><br>El ciclo surgi\u00f3 con el objetivo de que diferentes zonas no urbanas de Castilla y Le\u00f3n para que tuviesen la oportunidad de conectar con la m\u00fasica y descubrir c\u00f3mo expresarse a trav\u00e9s de ella<\/p>\n\n\n\n<figure class=\"wp-block-gallery columns-3 is-cropped\"><ul class=\"blocks-gallery-grid\"><li class=\"blocks-gallery-item\"><figure><img loading=\"lazy\" width=\"1024\" height=\"978\" src=\"https:\/\/backgroundnoise.es\/wp-content\/uploads\/2023\/06\/Fuentepelayo-foto-1024x978.jpg\" alt=\"\" data-id=\"1199\" data-link=\"https:\/\/backgroundnoise.es\/?attachment_id=1199\" class=\"wp-image-1199\" srcset=\"http:\/\/backgroundnoise.es\/wp-content\/uploads\/2023\/06\/Fuentepelayo-foto-1024x978.jpg 1024w, http:\/\/backgroundnoise.es\/wp-content\/uploads\/2023\/06\/Fuentepelayo-foto-300x287.jpg 300w, http:\/\/backgroundnoise.es\/wp-content\/uploads\/2023\/06\/Fuentepelayo-foto-768x734.jpg 768w, http:\/\/backgroundnoise.es\/wp-content\/uploads\/2023\/06\/Fuentepelayo-foto.jpg 1080w\" sizes=\"(max-width: 1024px) 100vw, 1024px\" \/><\/figure><\/li><li class=\"blocks-gallery-item\"><figure><img loading=\"lazy\" width=\"1024\" height=\"685\" src=\"https:\/\/backgroundnoise.es\/wp-content\/uploads\/2023\/06\/La-Regadera-didactcos-foto-2-1024x685.jpg\" alt=\"\" data-id=\"1200\" data-link=\"https:\/\/backgroundnoise.es\/?attachment_id=1200\" class=\"wp-image-1200\" srcset=\"http:\/\/backgroundnoise.es\/wp-content\/uploads\/2023\/06\/La-Regadera-didactcos-foto-2-1024x685.jpg 1024w, http:\/\/backgroundnoise.es\/wp-content\/uploads\/2023\/06\/La-Regadera-didactcos-foto-2-300x201.jpg 300w, http:\/\/backgroundnoise.es\/wp-content\/uploads\/2023\/06\/La-Regadera-didactcos-foto-2-768x513.jpg 768w, http:\/\/backgroundnoise.es\/wp-content\/uploads\/2023\/06\/La-Regadera-didactcos-foto-2.jpg 1080w\" sizes=\"(max-width: 1024px) 100vw, 1024px\" \/><\/figure><\/li><li class=\"blocks-gallery-item\"><figure><img loading=\"lazy\" width=\"1024\" height=\"768\" src=\"https:\/\/backgroundnoise.es\/wp-content\/uploads\/2023\/06\/La-Regadera-didactcos-foto-1024x768.jpg\" alt=\"\" data-id=\"1201\" data-link=\"https:\/\/backgroundnoise.es\/?attachment_id=1201\" class=\"wp-image-1201\" srcset=\"http:\/\/backgroundnoise.es\/wp-content\/uploads\/2023\/06\/La-Regadera-didactcos-foto-1024x768.jpg 1024w, http:\/\/backgroundnoise.es\/wp-content\/uploads\/2023\/06\/La-Regadera-didactcos-foto-300x225.jpg 300w, http:\/\/backgroundnoise.es\/wp-content\/uploads\/2023\/06\/La-Regadera-didactcos-foto-768x576.jpg 768w, http:\/\/backgroundnoise.es\/wp-content\/uploads\/2023\/06\/La-Regadera-didactcos-foto-1536x1152.jpg 1536w, http:\/\/backgroundnoise.es\/wp-content\/uploads\/2023\/06\/La-Regadera-didactcos-foto.jpg 1600w\" sizes=\"(max-width: 1024px) 100vw, 1024px\" \/><\/figure><\/li><li class=\"blocks-gallery-item\"><figure><img loading=\"lazy\" width=\"1024\" height=\"685\" src=\"https:\/\/backgroundnoise.es\/wp-content\/uploads\/2023\/06\/Cigales-foto-1024x685.jpg\" alt=\"\" data-id=\"1202\" data-full-url=\"https:\/\/backgroundnoise.es\/wp-content\/uploads\/2023\/06\/Cigales-foto.jpg\" data-link=\"https:\/\/backgroundnoise.es\/?attachment_id=1202\" class=\"wp-image-1202\" srcset=\"http:\/\/backgroundnoise.es\/wp-content\/uploads\/2023\/06\/Cigales-foto-1024x685.jpg 1024w, http:\/\/backgroundnoise.es\/wp-content\/uploads\/2023\/06\/Cigales-foto-300x201.jpg 300w, http:\/\/backgroundnoise.es\/wp-content\/uploads\/2023\/06\/Cigales-foto-768x513.jpg 768w, http:\/\/backgroundnoise.es\/wp-content\/uploads\/2023\/06\/Cigales-foto.jpg 1080w\" sizes=\"(max-width: 1024px) 100vw, 1024px\" \/><\/figure><\/li><\/ul><\/figure>\n\n\n\n<p class=\"has-black-color has-text-color\"> Buniel (Burgos)- 9 de junio- Plaza Santa Maria<\/p>\n\n\n\n<p class=\"has-black-color has-text-color\">Mombeltr\u00e1n (\u00c1vila) &#8211; 10 de junio &#8211; Parque de la Soledad<\/p>\n\n\n\n<p class=\"has-black-color has-text-color\">Fuentepelayo (Segovia)- 16 de junio &#8211; Casa de la Cultura<\/p>\n\n\n\n<p class=\"has-black-color has-text-color\">Fermoselle (Zamora) &#8211; 17 de junio- Plaza Mayor<\/p>\n\n\n\n<p class=\"has-black-color has-text-color\">Cigales (Valladolid)- 18 de junio- Parque Municipal<\/p>\n\n\n\n<p class=\"has-black-color has-text-color\"><br>La Regadera ha hecho un peque\u00f1o par\u00f3n en su gira de presentaci\u00f3n de #nopiensoluegoexisto, su \u00faltimo disco, para hacer un ciclo de conciertos en Castilla y Le\u00f3n y llevar la m\u00fasica a los rincones m\u00e1s rurales. Ha sido una propuesta musical llena de optimismo y energ\u00eda, presentada de manera pedag\u00f3gica y destinada a todos los p\u00fablicos con el objetivo de dar a conocer la instrumentalizaci\u00f3n, melod\u00edas y t\u00e9cnicas musicales tradicionales, para as\u00ed, conseguir que los participantes conecten con la m\u00fasica y descubran como expresarse a trav\u00e9s de ella. Buniel, Cigales, Fermoselle, Fuentepelayo y Mombeltran son las localidades rurales donde el grupo La Regadera brindar\u00e1 la posibilidad de acercar este tipo de m\u00fasica a entornos menos habituales como son los espacios rurales, ampliando y diversificando la oferta cultural de dichos espacios.<\/p>\n\n\n\n<p class=\"has-black-color has-text-color\"><br>Tanto ni\u00f1os como adultos han disfrutado de la cercan\u00eda a la m\u00fasica y les han ense\u00f1ado c\u00f3mo expresarse y conectar con las canciones y c\u00f3mo mostrar los sentimientos a trav\u00e9s de las letras y lo que sale de cada instrumento. Una experiencia muy enriquecedora tanto para los componentes del grupo como para todos los asistentes. Ahora continuar\u00e1n con sus conciertos en salas y festivales con los que est\u00e1n recorriendo el pa\u00eds y parte de Europa.<\/p>\n\n\n\n<p class=\"has-black-color has-text-color\">Financiado por la Uni\u00f3n Europea. NextGeneration- EU<\/p>\n\n\n\n<p class=\"has-black-color has-text-color\"><br>El grupo tambi\u00e9n continuar\u00e1 su gira tanto dentro como fuera de Espa\u00f1a. Pronto confirmaremos nuevos conciertos \u00a1Estad atent@s!<br><\/p>\n\n\n\n<p class=\"has-black-color has-text-color\">22\/06 Alcobendas (Madrid)<\/p>\n\n\n\n<p class=\"has-black-color has-text-color\">23\/06 Fr\u00edas (Burgos)<\/p>\n\n\n\n<p class=\"has-black-color has-text-color\">24\/06 D\u00farcal (Granada)<\/p>\n\n\n\n<p class=\"has-black-color has-text-color\">25\/06 Zamora<\/p>\n\n\n\n<p class=\"has-black-color has-text-color\">1\/07 Cu\u00e9llar (Segovia<\/p>\n\n\n\n<p class=\"has-black-color has-text-color\">6\/07 Torre del Mar (M\u00e1laga). Weekend Beach<\/p>\n\n\n\n<p class=\"has-black-color has-text-color\">9\/07 Teruel <\/p>\n\n\n\n<p class=\"has-black-color has-text-color\">14\/07 Mauleon Licuare (Iparralde)<\/p>\n\n\n\n<p class=\"has-black-color has-text-color\">28\/07 Montemayor de Pililla (Valladolid). Milanito Festival<\/p>\n\n\n\n<p class=\"has-black-color has-text-color\">29\/07 Barbate (C\u00e1diz). Cabo de Plata Festival<\/p>\n\n\n\n<p class=\"has-black-color has-text-color\">5\/08 Santiba\u00f1ez de Vidriales (Zamora)<\/p>\n\n\n\n<p class=\"has-black-color has-text-color\">19\/08 Joarilla de las Matas (Le\u00f3n). Festival Morrowland<\/p>\n\n\n\n<p class=\"has-black-color has-text-color\">26\/08 Ollauri (La Rioja)7\/08 Zaid\u00edn Rock (Granada)<\/p>\n\n\n\n<p class=\"has-black-color has-text-color\">9\/09 Mallen (Zaragoza)<\/p>\n\n\n\n<p class=\"has-black-color has-text-color\">12 &#8211; 14\/10 C\u00e1ceres. Extrem\u00fasika<\/p>\n","protected":false},"excerpt":{"rendered":"<p>Ha sido una experiencia diferente y muy enriquecedora entre los m\u00fasicos y los asistentes El ciclo surgi\u00f3 con el objetivo de que diferentes zonas no urbanas de Castilla y Le\u00f3n para que tuviesen la oportunidad de conectar con la m\u00fasica y descubrir c\u00f3mo expresarse a trav\u00e9s de ella Buniel (Burgos)- 9 de junio- Plaza Santa [&hellip;]<\/p>\n","protected":false},"author":1,"featured_media":1201,"comment_status":"open","ping_status":"open","sticky":false,"template":"","format":"standard","meta":[],"categories":[6,3],"tags":[],"_links":{"self":[{"href":"http:\/\/backgroundnoise.es\/index.php\/wp-json\/wp\/v2\/posts\/1198"}],"collection":[{"href":"http:\/\/backgroundnoise.es\/index.php\/wp-json\/wp\/v2\/posts"}],"about":[{"href":"http:\/\/backgroundnoise.es\/index.php\/wp-json\/wp\/v2\/types\/post"}],"author":[{"embeddable":true,"href":"http:\/\/backgroundnoise.es\/index.php\/wp-json\/wp\/v2\/users\/1"}],"replies":[{"embeddable":true,"href":"http:\/\/backgroundnoise.es\/index.php\/wp-json\/wp\/v2\/comments?post=1198"}],"version-history":[{"count":2,"href":"http:\/\/backgroundnoise.es\/index.php\/wp-json\/wp\/v2\/posts\/1198\/revisions"}],"predecessor-version":[{"id":1204,"href":"http:\/\/backgroundnoise.es\/index.php\/wp-json\/wp\/v2\/posts\/1198\/revisions\/1204"}],"wp:featuredmedia":[{"embeddable":true,"href":"http:\/\/backgroundnoise.es\/index.php\/wp-json\/wp\/v2\/media\/1201"}],"wp:attachment":[{"href":"http:\/\/backgroundnoise.es\/index.php\/wp-json\/wp\/v2\/media?parent=1198"}],"wp:term":[{"taxonomy":"category","embeddable":true,"href":"http:\/\/backgroundnoise.es\/index.php\/wp-json\/wp\/v2\/categories?post=1198"},{"taxonomy":"post_tag","embeddable":true,"href":"http:\/\/backgroundnoise.es\/index.php\/wp-json\/wp\/v2\/tags?post=1198"}],"curies":[{"name":"wp","href":"https:\/\/api.w.org\/{rel}","templated":true}]}}